{"id":7281,"date":"2024-11-19T13:31:58","date_gmt":"2024-11-19T12:31:58","guid":{"rendered":"https:\/\/quivid.de\/?p=7281"},"modified":"2026-04-15T13:49:27","modified_gmt":"2026-04-15T11:49:27","slug":"die-balken","status":"publish","type":"post","link":"https:\/\/quivid.de\/en\/die-balken\/7281\/","title":{"rendered":"Die Balken"},"content":{"rendered":"","protected":false},"excerpt":{"rendered":"","protected":false},"author":10,"featured_media":7415,"comment_status":"closed","ping_status":"closed","sticky":false,"template":"","format":"standard","meta":{"_acf_changed":false,"inline_featured_image":false,"footnotes":""},"categories":[138],"district":[130],"access":[249],"accessibility":[131],"space":[132],"year":[248],"gender":[133],"class_list":["post-7281","post","type-post","status-publish","format-standard","has-post-thumbnail","hentry","category-skulptur-plastik","district-berg-am-laim","access-entwurf","accessibility-barrierefrei-zugaenglich","space-aussenraum","year-248","gender-m"],"link_en":"https:\/\/quivid.de\/en\/\/en\/die-balken\/7281","acf":{"werk_qv_id":"","werk_artist":[{"werk_artist_name":"Westphalen","werk_artist_surname":"Olav","werk_artist_gender":"m"}],"werk_artists":"","werk_location_district":"Berg am Laim","werk_location_address":"Neubau eines Begegnungszentrums mit Haus f\u00fcr Kinder im Werksviertel, 81671 M\u00fcnchen","werk_location_longitude":"48.1263002835751","werk_location_latitude":"11.6090442523721","werk_material":"Dreiteilige skulpturale Installation verortet auf dem Dach des Geb\u00e4udes, dem Dach des eingeschossigen Lagerhauses, in den Freianlagen nahe den Spielger\u00e4ten","werk_technical_data":"","werk_technical_data_en":"","werk_client":"Landeshauptstadt M\u00fcnchen, Baureferat","werk_visibility":false,"werk_map":false,"werk_parts":"","werk_institution":"","werk_architect":"Kaufmann Stieglmeier Architekten, M\u00fcnchen","werk_architect_landscape":"Schaar Landschaftsarchitekten, M\u00fcnchen","werk_photograph":"Olav Westphalen","werk_author":"Auszug aus dem Statement der M\u00fcnchner Kunstkommission","werk_txt_long_en":"","werk_img":[{"ID":7408,"id":7408,"title":"Quivid-muenchen-olav-westphalen-die-balken-05","filename":"quivid-muenchen-olav-westphalen-die-balken-05.jpg","filesize":47506,"url":"https:\/\/quivid.de\/wp-content\/uploads\/quivid-muenchen-olav-westphalen-die-balken-05.jpg","link":"https:\/\/quivid.de\/en\/die-balken\/7281\/quivid-muenchen-olav-westphalen-die-balken-05-2\/","alt":"","author":"10","description":"","caption":"","name":"quivid-muenchen-olav-westphalen-die-balken-05-2","status":"inherit","uploaded_to":7281,"date":"2024-12-10 16:11:54","modified":"2024-12-10 16:11:54","menu_order":0,"mime_type":"image\/jpeg","type":"image","subtype":"jpeg","icon":"https:\/\/quivid.de\/wp-includes\/images\/media\/default.png","width":869,"height":624,"sizes":{"thumbnail":"https:\/\/quivid.de\/wp-content\/uploads\/quivid-muenchen-olav-westphalen-die-balken-05-200x144.jpg","thumbnail-width":200,"thumbnail-height":144,"medium":"https:\/\/quivid.de\/wp-content\/uploads\/quivid-muenchen-olav-westphalen-die-balken-05.jpg","medium-width":869,"medium-height":624,"medium_large":"https:\/\/quivid.de\/wp-content\/uploads\/quivid-muenchen-olav-westphalen-die-balken-05-768x551.jpg","medium_large-width":768,"medium_large-height":551,"large":"https:\/\/quivid.de\/wp-content\/uploads\/quivid-muenchen-olav-westphalen-die-balken-05.jpg","large-width":869,"large-height":624,"1536x1536":"https:\/\/quivid.de\/wp-content\/uploads\/quivid-muenchen-olav-westphalen-die-balken-05.jpg","1536x1536-width":869,"1536x1536-height":624,"2048x2048":"https:\/\/quivid.de\/wp-content\/uploads\/quivid-muenchen-olav-westphalen-die-balken-05.jpg","2048x2048-width":869,"2048x2048-height":624,"alm-thumbnail":"https:\/\/quivid.de\/wp-content\/uploads\/quivid-muenchen-olav-westphalen-die-balken-05-150x150.jpg","alm-thumbnail-width":150,"alm-thumbnail-height":150,"_2560":"https:\/\/quivid.de\/wp-content\/uploads\/quivid-muenchen-olav-westphalen-die-balken-05.jpg","_2560-width":869,"_2560-height":624,"_1920":"https:\/\/quivid.de\/wp-content\/uploads\/quivid-muenchen-olav-westphalen-die-balken-05.jpg","_1920-width":869,"_1920-height":624,"_1280":"https:\/\/quivid.de\/wp-content\/uploads\/quivid-muenchen-olav-westphalen-die-balken-05.jpg","_1280-width":869,"_1280-height":624,"_1024":"https:\/\/quivid.de\/wp-content\/uploads\/quivid-muenchen-olav-westphalen-die-balken-05.jpg","_1024-width":869,"_1024-height":624,"_768":"https:\/\/quivid.de\/wp-content\/uploads\/quivid-muenchen-olav-westphalen-die-balken-05-768x551.jpg","_768-width":768,"_768-height":551}},{"ID":7285,"id":7285,"title":"Quivid-muenchen-olav-westphalen-die-balken-03","filename":"quivid-muenchen-olav-westphalen-die-balken-03.jpg","filesize":77290,"url":"https:\/\/quivid.de\/wp-content\/uploads\/quivid-muenchen-olav-westphalen-die-balken-03.jpg","link":"https:\/\/quivid.de\/en\/die-balken\/7281\/quivid-muenchen-olav-westphalen-die-balken-03-2\/","alt":"","author":"10","description":"","caption":"","name":"quivid-muenchen-olav-westphalen-die-balken-03-2","status":"inherit","uploaded_to":7281,"date":"2024-11-06 11:02:00","modified":"2024-11-06 11:02:00","menu_order":0,"mime_type":"image\/jpeg","type":"image","subtype":"jpeg","icon":"https:\/\/quivid.de\/wp-includes\/images\/media\/default.png","width":961,"height":611,"sizes":{"thumbnail":"https:\/\/quivid.de\/wp-content\/uploads\/quivid-muenchen-olav-westphalen-die-balken-03-200x127.jpg","thumbnail-width":200,"thumbnail-height":127,"medium":"https:\/\/quivid.de\/wp-content\/uploads\/quivid-muenchen-olav-westphalen-die-balken-03.jpg","medium-width":961,"medium-height":611,"medium_large":"https:\/\/quivid.de\/wp-content\/uploads\/quivid-muenchen-olav-westphalen-die-balken-03-768x488.jpg","medium_large-width":768,"medium_large-height":488,"large":"https:\/\/quivid.de\/wp-content\/uploads\/quivid-muenchen-olav-westphalen-die-balken-03.jpg","large-width":961,"large-height":611,"1536x1536":"https:\/\/quivid.de\/wp-content\/uploads\/quivid-muenchen-olav-westphalen-die-balken-03.jpg","1536x1536-width":961,"1536x1536-height":611,"2048x2048":"https:\/\/quivid.de\/wp-content\/uploads\/quivid-muenchen-olav-westphalen-die-balken-03.jpg","2048x2048-width":961,"2048x2048-height":611,"alm-thumbnail":"https:\/\/quivid.de\/wp-content\/uploads\/quivid-muenchen-olav-westphalen-die-balken-03-150x150.jpg","alm-thumbnail-width":150,"alm-thumbnail-height":150,"_2560":"https:\/\/quivid.de\/wp-content\/uploads\/quivid-muenchen-olav-westphalen-die-balken-03.jpg","_2560-width":961,"_2560-height":611,"_1920":"https:\/\/quivid.de\/wp-content\/uploads\/quivid-muenchen-olav-westphalen-die-balken-03.jpg","_1920-width":961,"_1920-height":611,"_1280":"https:\/\/quivid.de\/wp-content\/uploads\/quivid-muenchen-olav-westphalen-die-balken-03.jpg","_1280-width":961,"_1280-height":611,"_1024":"https:\/\/quivid.de\/wp-content\/uploads\/quivid-muenchen-olav-westphalen-die-balken-03.jpg","_1024-width":961,"_1024-height":611,"_768":"https:\/\/quivid.de\/wp-content\/uploads\/quivid-muenchen-olav-westphalen-die-balken-03-768x488.jpg","_768-width":768,"_768-height":488}},{"ID":7414,"id":7414,"title":"Quivid-muenchen-olav-westphalen-die-balken-08","filename":"quivid-muenchen-olav-westphalen-die-balken-08.jpg","filesize":42895,"url":"https:\/\/quivid.de\/wp-content\/uploads\/quivid-muenchen-olav-westphalen-die-balken-08.jpg","link":"https:\/\/quivid.de\/en\/die-balken\/7281\/quivid-muenchen-olav-westphalen-die-balken-08-2\/","alt":"","author":"10","description":"","caption":"","name":"quivid-muenchen-olav-westphalen-die-balken-08-2","status":"inherit","uploaded_to":7281,"date":"2024-12-10 16:11:56","modified":"2024-12-10 16:11:56","menu_order":0,"mime_type":"image\/jpeg","type":"image","subtype":"jpeg","icon":"https:\/\/quivid.de\/wp-includes\/images\/media\/default.png","width":799,"height":488,"sizes":{"thumbnail":"https:\/\/quivid.de\/wp-content\/uploads\/quivid-muenchen-olav-westphalen-die-balken-08-200x122.jpg","thumbnail-width":200,"thumbnail-height":122,"medium":"https:\/\/quivid.de\/wp-content\/uploads\/quivid-muenchen-olav-westphalen-die-balken-08.jpg","medium-width":799,"medium-height":488,"medium_large":"https:\/\/quivid.de\/wp-content\/uploads\/quivid-muenchen-olav-westphalen-die-balken-08-768x469.jpg","medium_large-width":768,"medium_large-height":469,"large":"https:\/\/quivid.de\/wp-content\/uploads\/quivid-muenchen-olav-westphalen-die-balken-08.jpg","large-width":799,"large-height":488,"1536x1536":"https:\/\/quivid.de\/wp-content\/uploads\/quivid-muenchen-olav-westphalen-die-balken-08.jpg","1536x1536-width":799,"1536x1536-height":488,"2048x2048":"https:\/\/quivid.de\/wp-content\/uploads\/quivid-muenchen-olav-westphalen-die-balken-08.jpg","2048x2048-width":799,"2048x2048-height":488,"alm-thumbnail":"https:\/\/quivid.de\/wp-content\/uploads\/quivid-muenchen-olav-westphalen-die-balken-08-150x150.jpg","alm-thumbnail-width":150,"alm-thumbnail-height":150,"_2560":"https:\/\/quivid.de\/wp-content\/uploads\/quivid-muenchen-olav-westphalen-die-balken-08.jpg","_2560-width":799,"_2560-height":488,"_1920":"https:\/\/quivid.de\/wp-content\/uploads\/quivid-muenchen-olav-westphalen-die-balken-08.jpg","_1920-width":799,"_1920-height":488,"_1280":"https:\/\/quivid.de\/wp-content\/uploads\/quivid-muenchen-olav-westphalen-die-balken-08.jpg","_1280-width":799,"_1280-height":488,"_1024":"https:\/\/quivid.de\/wp-content\/uploads\/quivid-muenchen-olav-westphalen-die-balken-08.jpg","_1024-width":799,"_1024-height":488,"_768":"https:\/\/quivid.de\/wp-content\/uploads\/quivid-muenchen-olav-westphalen-die-balken-08-768x469.jpg","_768-width":768,"_768-height":469}},{"ID":7412,"id":7412,"title":"Quivid-muenchen-olav-westphalen-die-balken-07","filename":"quivid-muenchen-olav-westphalen-die-balken-07.jpg","filesize":30430,"url":"https:\/\/quivid.de\/wp-content\/uploads\/quivid-muenchen-olav-westphalen-die-balken-07.jpg","link":"https:\/\/quivid.de\/en\/die-balken\/7281\/quivid-muenchen-olav-westphalen-die-balken-07-2\/","alt":"","author":"10","description":"","caption":"","name":"quivid-muenchen-olav-westphalen-die-balken-07-2","status":"inherit","uploaded_to":7281,"date":"2024-12-10 16:11:55","modified":"2024-12-10 16:11:55","menu_order":0,"mime_type":"image\/jpeg","type":"image","subtype":"jpeg","icon":"https:\/\/quivid.de\/wp-includes\/images\/media\/default.png","width":839,"height":496,"sizes":{"thumbnail":"https:\/\/quivid.de\/wp-content\/uploads\/quivid-muenchen-olav-westphalen-die-balken-07-200x118.jpg","thumbnail-width":200,"thumbnail-height":118,"medium":"https:\/\/quivid.de\/wp-content\/uploads\/quivid-muenchen-olav-westphalen-die-balken-07.jpg","medium-width":839,"medium-height":496,"medium_large":"https:\/\/quivid.de\/wp-content\/uploads\/quivid-muenchen-olav-westphalen-die-balken-07-768x454.jpg","medium_large-width":768,"medium_large-height":454,"large":"https:\/\/quivid.de\/wp-content\/uploads\/quivid-muenchen-olav-westphalen-die-balken-07.jpg","large-width":839,"large-height":496,"1536x1536":"https:\/\/quivid.de\/wp-content\/uploads\/quivid-muenchen-olav-westphalen-die-balken-07.jpg","1536x1536-width":839,"1536x1536-height":496,"2048x2048":"https:\/\/quivid.de\/wp-content\/uploads\/quivid-muenchen-olav-westphalen-die-balken-07.jpg","2048x2048-width":839,"2048x2048-height":496,"alm-thumbnail":"https:\/\/quivid.de\/wp-content\/uploads\/quivid-muenchen-olav-westphalen-die-balken-07-150x150.jpg","alm-thumbnail-width":150,"alm-thumbnail-height":150,"_2560":"https:\/\/quivid.de\/wp-content\/uploads\/quivid-muenchen-olav-westphalen-die-balken-07.jpg","_2560-width":839,"_2560-height":496,"_1920":"https:\/\/quivid.de\/wp-content\/uploads\/quivid-muenchen-olav-westphalen-die-balken-07.jpg","_1920-width":839,"_1920-height":496,"_1280":"https:\/\/quivid.de\/wp-content\/uploads\/quivid-muenchen-olav-westphalen-die-balken-07.jpg","_1280-width":839,"_1280-height":496,"_1024":"https:\/\/quivid.de\/wp-content\/uploads\/quivid-muenchen-olav-westphalen-die-balken-07.jpg","_1024-width":839,"_1024-height":496,"_768":"https:\/\/quivid.de\/wp-content\/uploads\/quivid-muenchen-olav-westphalen-die-balken-07-768x454.jpg","_768-width":768,"_768-height":454}},{"ID":7416,"id":7416,"title":"Quivid-muenchen-olav-westphalen-die-balken-09","filename":"quivid-muenchen-olav-westphalen-die-balken-09.jpg","filesize":19229,"url":"https:\/\/quivid.de\/wp-content\/uploads\/quivid-muenchen-olav-westphalen-die-balken-09.jpg","link":"https:\/\/quivid.de\/en\/die-balken\/7281\/quivid-muenchen-olav-westphalen-die-balken-09-2\/","alt":"","author":"10","description":"","caption":"","name":"quivid-muenchen-olav-westphalen-die-balken-09-2","status":"inherit","uploaded_to":7281,"date":"2024-12-10 16:11:56","modified":"2024-12-10 16:11:56","menu_order":0,"mime_type":"image\/jpeg","type":"image","subtype":"jpeg","icon":"https:\/\/quivid.de\/wp-includes\/images\/media\/default.png","width":428,"height":539,"sizes":{"thumbnail":"https:\/\/quivid.de\/wp-content\/uploads\/quivid-muenchen-olav-westphalen-die-balken-09-200x252.jpg","thumbnail-width":200,"thumbnail-height":252,"medium":"https:\/\/quivid.de\/wp-content\/uploads\/quivid-muenchen-olav-westphalen-die-balken-09.jpg","medium-width":428,"medium-height":539,"medium_large":"https:\/\/quivid.de\/wp-content\/uploads\/quivid-muenchen-olav-westphalen-die-balken-09.jpg","medium_large-width":428,"medium_large-height":539,"large":"https:\/\/quivid.de\/wp-content\/uploads\/quivid-muenchen-olav-westphalen-die-balken-09.jpg","large-width":428,"large-height":539,"1536x1536":"https:\/\/quivid.de\/wp-content\/uploads\/quivid-muenchen-olav-westphalen-die-balken-09.jpg","1536x1536-width":428,"1536x1536-height":539,"2048x2048":"https:\/\/quivid.de\/wp-content\/uploads\/quivid-muenchen-olav-westphalen-die-balken-09.jpg","2048x2048-width":428,"2048x2048-height":539,"alm-thumbnail":"https:\/\/quivid.de\/wp-content\/uploads\/quivid-muenchen-olav-westphalen-die-balken-09-150x150.jpg","alm-thumbnail-width":150,"alm-thumbnail-height":150,"_2560":"https:\/\/quivid.de\/wp-content\/uploads\/quivid-muenchen-olav-westphalen-die-balken-09.jpg","_2560-width":428,"_2560-height":539,"_1920":"https:\/\/quivid.de\/wp-content\/uploads\/quivid-muenchen-olav-westphalen-die-balken-09.jpg","_1920-width":428,"_1920-height":539,"_1280":"https:\/\/quivid.de\/wp-content\/uploads\/quivid-muenchen-olav-westphalen-die-balken-09.jpg","_1280-width":428,"_1280-height":539,"_1024":"https:\/\/quivid.de\/wp-content\/uploads\/quivid-muenchen-olav-westphalen-die-balken-09.jpg","_1024-width":428,"_1024-height":539,"_768":"https:\/\/quivid.de\/wp-content\/uploads\/quivid-muenchen-olav-westphalen-die-balken-09.jpg","_768-width":428,"_768-height":539}},{"ID":8087,"id":8087,"title":"IMG_5811","filename":"img_5811-scaled.jpeg","filesize":1232737,"url":"https:\/\/quivid.de\/wp-content\/uploads\/img_5811-scaled.jpeg","link":"https:\/\/quivid.de\/en\/die-balken\/7281\/img_5811-2\/","alt":"","author":"12","description":"","caption":"","name":"img_5811-2","status":"inherit","uploaded_to":7281,"date":"2026-04-15 11:45:18","modified":"2026-04-15 11:45:18","menu_order":0,"mime_type":"image\/jpeg","type":"image","subtype":"jpeg","icon":"https:\/\/quivid.de\/wp-includes\/images\/media\/default.png","width":1920,"height":2560,"sizes":{"thumbnail":"https:\/\/quivid.de\/wp-content\/uploads\/img_5811-200x267.jpeg","thumbnail-width":200,"thumbnail-height":267,"medium":"https:\/\/quivid.de\/wp-content\/uploads\/img_5811-960x1280.jpeg","medium-width":960,"medium-height":1280,"medium_large":"https:\/\/quivid.de\/wp-content\/uploads\/img_5811-768x1024.jpeg","medium_large-width":768,"medium_large-height":1024,"large":"https:\/\/quivid.de\/wp-content\/uploads\/img_5811-1920x2560.jpeg","large-width":1920,"large-height":2560,"1536x1536":"https:\/\/quivid.de\/wp-content\/uploads\/img_5811-1152x1536.jpeg","1536x1536-width":1152,"1536x1536-height":1536,"2048x2048":"https:\/\/quivid.de\/wp-content\/uploads\/img_5811-1536x2048.jpeg","2048x2048-width":1536,"2048x2048-height":2048,"alm-thumbnail":"https:\/\/quivid.de\/wp-content\/uploads\/img_5811-150x150.jpeg","alm-thumbnail-width":150,"alm-thumbnail-height":150,"_2560":"https:\/\/quivid.de\/wp-content\/uploads\/img_5811-1920x2560.jpeg","_2560-width":1920,"_2560-height":2560,"_1920":"https:\/\/quivid.de\/wp-content\/uploads\/img_5811-1920x2560.jpeg","_1920-width":1920,"_1920-height":2560,"_1280":"https:\/\/quivid.de\/wp-content\/uploads\/img_5811-1280x1707.jpeg","_1280-width":1280,"_1280-height":1707,"_1024":"https:\/\/quivid.de\/wp-content\/uploads\/img_5811-1024x1365.jpeg","_1024-width":1024,"_1024-height":1365,"_768":"https:\/\/quivid.de\/wp-content\/uploads\/img_5811-768x1024.jpeg","_768-width":768,"_768-height":1024}},{"ID":8093,"id":8093,"title":"IMG_5809","filename":"img_5809-scaled.jpeg","filesize":1523996,"url":"https:\/\/quivid.de\/wp-content\/uploads\/img_5809-scaled.jpeg","link":"https:\/\/quivid.de\/en\/die-balken\/7281\/img_5809-2\/","alt":"","author":"12","description":"","caption":"","name":"img_5809-2","status":"inherit","uploaded_to":7281,"date":"2026-04-15 11:45:51","modified":"2026-04-15 11:45:51","menu_order":0,"mime_type":"image\/jpeg","type":"image","subtype":"jpeg","icon":"https:\/\/quivid.de\/wp-includes\/images\/media\/default.png","width":1920,"height":2560,"sizes":{"thumbnail":"https:\/\/quivid.de\/wp-content\/uploads\/img_5809-200x267.jpeg","thumbnail-width":200,"thumbnail-height":267,"medium":"https:\/\/quivid.de\/wp-content\/uploads\/img_5809-960x1280.jpeg","medium-width":960,"medium-height":1280,"medium_large":"https:\/\/quivid.de\/wp-content\/uploads\/img_5809-768x1024.jpeg","medium_large-width":768,"medium_large-height":1024,"large":"https:\/\/quivid.de\/wp-content\/uploads\/img_5809-1920x2560.jpeg","large-width":1920,"large-height":2560,"1536x1536":"https:\/\/quivid.de\/wp-content\/uploads\/img_5809-1152x1536.jpeg","1536x1536-width":1152,"1536x1536-height":1536,"2048x2048":"https:\/\/quivid.de\/wp-content\/uploads\/img_5809-1536x2048.jpeg","2048x2048-width":1536,"2048x2048-height":2048,"alm-thumbnail":"https:\/\/quivid.de\/wp-content\/uploads\/img_5809-150x150.jpeg","alm-thumbnail-width":150,"alm-thumbnail-height":150,"_2560":"https:\/\/quivid.de\/wp-content\/uploads\/img_5809-1920x2560.jpeg","_2560-width":1920,"_2560-height":2560,"_1920":"https:\/\/quivid.de\/wp-content\/uploads\/img_5809-1920x2560.jpeg","_1920-width":1920,"_1920-height":2560,"_1280":"https:\/\/quivid.de\/wp-content\/uploads\/img_5809-1280x1707.jpeg","_1280-width":1280,"_1280-height":1707,"_1024":"https:\/\/quivid.de\/wp-content\/uploads\/img_5809-1024x1365.jpeg","_1024-width":1024,"_1024-height":1365,"_768":"https:\/\/quivid.de\/wp-content\/uploads\/img_5809-768x1024.jpeg","_768-width":768,"_768-height":1024}},{"ID":8095,"id":8095,"title":"IMG_5813","filename":"img_5813-scaled.jpeg","filesize":961004,"url":"https:\/\/quivid.de\/wp-content\/uploads\/img_5813-scaled.jpeg","link":"https:\/\/quivid.de\/en\/die-balken\/7281\/img_5813-2\/","alt":"","author":"12","description":"","caption":"","name":"img_5813-2","status":"inherit","uploaded_to":7281,"date":"2026-04-15 11:46:16","modified":"2026-04-15 11:46:16","menu_order":0,"mime_type":"image\/jpeg","type":"image","subtype":"jpeg","icon":"https:\/\/quivid.de\/wp-includes\/images\/media\/default.png","width":1920,"height":2560,"sizes":{"thumbnail":"https:\/\/quivid.de\/wp-content\/uploads\/img_5813-200x267.jpeg","thumbnail-width":200,"thumbnail-height":267,"medium":"https:\/\/quivid.de\/wp-content\/uploads\/img_5813-960x1280.jpeg","medium-width":960,"medium-height":1280,"medium_large":"https:\/\/quivid.de\/wp-content\/uploads\/img_5813-768x1024.jpeg","medium_large-width":768,"medium_large-height":1024,"large":"https:\/\/quivid.de\/wp-content\/uploads\/img_5813-1920x2560.jpeg","large-width":1920,"large-height":2560,"1536x1536":"https:\/\/quivid.de\/wp-content\/uploads\/img_5813-1152x1536.jpeg","1536x1536-width":1152,"1536x1536-height":1536,"2048x2048":"https:\/\/quivid.de\/wp-content\/uploads\/img_5813-1536x2048.jpeg","2048x2048-width":1536,"2048x2048-height":2048,"alm-thumbnail":"https:\/\/quivid.de\/wp-content\/uploads\/img_5813-150x150.jpeg","alm-thumbnail-width":150,"alm-thumbnail-height":150,"_2560":"https:\/\/quivid.de\/wp-content\/uploads\/img_5813-1920x2560.jpeg","_2560-width":1920,"_2560-height":2560,"_1920":"https:\/\/quivid.de\/wp-content\/uploads\/img_5813-1920x2560.jpeg","_1920-width":1920,"_1920-height":2560,"_1280":"https:\/\/quivid.de\/wp-content\/uploads\/img_5813-1280x1707.jpeg","_1280-width":1280,"_1280-height":1707,"_1024":"https:\/\/quivid.de\/wp-content\/uploads\/img_5813-1024x1365.jpeg","_1024-width":1024,"_1024-height":1365,"_768":"https:\/\/quivid.de\/wp-content\/uploads\/img_5813-768x1024.jpeg","_768-width":768,"_768-height":1024}}],"werk_txt_long":"<p>Drei Skulpturen bilden durch ihre strategische Platzierung eine Art Signalkette, die eine Freifl\u00e4che seitlich des Hauses, das Dach und einen Streetball-Court des zuk\u00fcnftigen Begegnungszentrums mit Haus f\u00fcr Kinder im Werksviertel miteinander verbinden. Spielendes Erkunden und Kommunizieren sind auch die Grundprinzipien des Kunstwerks. Die Objekte orientieren sich an traditionellen Spielzeugen, wie sie das Bauhaus entwickelt hat, an h\u00f6lzernen KAPLA-Bausteinen und anderen modularen, abstrahierten Bausystemen.<\/p>\n<p>Aus gewissen Blickwinkeln sehen die Skulpturen wie Konstruktionen ohne erkennbaren Nutzen, zur\u00fcckgelassene Bauteile oder halbfertige Au\u00dfenm\u00f6bel aus. Aus einer anderen Perspektive werden sie pl\u00f6tzlich zu liebenswerten und komischen Figuren, die popul\u00e4rkulturelle Ausdrucksformen zitieren. Ihre etwas zu farbige Oberfl\u00e4che ist offensichtlich auflackiert, die stilisierte Holzmaserung mit einem Pinsel frei von Hand aufgetragen. Diese Art der Darstellung erinnert an die komische, bewusst simplifizierende Kunst, die von Gustave Dor\u00e9 \u00fcber Walt Disney und Philip Guston bis zu Nicole Eisenman immer wieder auftaucht.<\/p>\n<p>\u201eDie Balken\u201c sind eine Art offenes Alphabet, mit dem eine Vielzahl denkbarer Narrative buchstabiert werden kann. Sie laden als konkrete, menschen\u00e4hnliche Objekte zur Identifikation ein, wirken affektiv, ohne ihre stumme Vieldeutigkeit aufzugeben. Gleichzeitig berufen sie sich aber auch auf die moderne Geschichte der Reduktion und Abstraktion: auf Otto Neuraths Piktogramme, auf Bauhaus-Figurationen, auf Kazimir Malevichs und Olga Goncharovas suprematistische K\u00f6rper. Auf freundliche und zug\u00e4ngliche Art werden \u201eDie Balken\u201c zu einer positiven Identifikation der unterschiedlichen Nutzer:innen mit dem Haus beitragen.<\/p>\n","werk_txt_context":"<p>Der K\u00fcnstler Olav Westphalen wurde zur Teilnahme an einem Kunst am Bau-Wettbewerb f\u00fcr den vierst\u00f6ckigen Neubau des Hauses f\u00fcr Kinder mit Begegnungszentrum f\u00fcr Kinder, Jugendliche, Familien und Senior:innen in der August-Everding-Str. im Stadtbezirk Berg am Laim eingeladen. Der Holzhybridbau geplant von der ARGE Stieglmeier Architekten M\u00fcnchen mit Hermann Kaufmann + Partner aus Schwarzach Vorarlberg ist Teil des M\u00fcnchener Werksviertels, das s\u00fcd\u00f6stlich an den Ostbahnhof angrenzt. Gem\u00e4\u00df dem Gestaltungsleitfaden des Werksviertels entsteht hier zusammen mit der bestehenden Bebauung ein neues Viertel, welches durch die Mischnutzung Wohnen, Arbeiten, Kultur, Freizeit und Erholung zu einem dichten, urbanen Stadtquartier entwickelt wird. Das k\u00fcnstlerische Konzept \u201eDie Balken\u201c von Olav Westphalen wurde 2024 von der Kommission f\u00fcr Kunst am Bau und im \u00f6ffentlichen Raum zur Realisierung empfohlen.<\/p>\n","werk_collections":[{"ID":7353,"post_author":"10","post_date":"2024-11-19 13:32:50","post_date_gmt":"2024-11-19 12:32:50","post_content":"","post_title":"Currently recommended designs for realization","post_excerpt":"","post_status":"publish","comment_status":"closed","ping_status":"closed","post_password":"","post_name":"zuletzt-ausgewaehlt","to_ping":"","pinged":"","post_modified":"2025-04-28 16:38:34","post_modified_gmt":"2025-04-28 14:38:34","post_content_filtered":"","post_parent":0,"guid":"https:\/\/quivid.de\/collection\/zuletzt-ausgewaehlt\/","menu_order":3,"post_type":"collection","post_mime_type":"","comment_count":"0","filter":"raw"}],"werk_sort_data_district":"Berg am Laim","werk_sort_data_category":"Skulptur \/ Plastik","werk_sort_data_year":"2024","werk_sort_data_access":"In Realisierung"},"featured_image_src_1280":"https:\/\/quivid.de\/wp-content\/uploads\/quivid-muenchen-olav-westphalen-die-balken-09.jpg","featured_image_src_768":"https:\/\/quivid.de\/wp-content\/uploads\/quivid-muenchen-olav-westphalen-die-balken-09.jpg","artists":[{"name":"Olav Westphalen","url":"https:\/\/quivid.de\/en\/die-balken\/7281\/"}],"tax_category":"Skulptur \/ Plastik","tax_access":"In Realisierung","tax_district":"Berg am Laim","tax_year":2024,"_links":{"self":[{"href":"https:\/\/quivid.de\/en\/wp-json\/wp\/v2\/posts\/7281","targetHints":{"allow":["GET"]}}],"collection":[{"href":"https:\/\/quivid.de\/en\/wp-json\/wp\/v2\/posts"}],"about":[{"href":"https:\/\/quivid.de\/en\/wp-json\/wp\/v2\/types\/post"}],"author":[{"embeddable":true,"href":"https:\/\/quivid.de\/en\/wp-json\/wp\/v2\/users\/10"}],"replies":[{"embeddable":true,"href":"https:\/\/quivid.de\/en\/wp-json\/wp\/v2\/comments?post=7281"}],"version-history":[{"count":16,"href":"https:\/\/quivid.de\/en\/wp-json\/wp\/v2\/posts\/7281\/revisions"}],"predecessor-version":[{"id":8097,"href":"https:\/\/quivid.de\/en\/wp-json\/wp\/v2\/posts\/7281\/revisions\/8097"}],"acf:attachment":[{"embeddable":true,"href":"https:\/\/quivid.de\/en\/wp-json\/wp\/v2\/media\/8095"},{"embeddable":true,"href":"https:\/\/quivid.de\/en\/wp-json\/wp\/v2\/media\/8093"},{"embeddable":true,"href":"https:\/\/quivid.de\/en\/wp-json\/wp\/v2\/media\/8087"},{"embeddable":true,"href":"https:\/\/quivid.de\/en\/wp-json\/wp\/v2\/media\/7416"},{"embeddable":true,"href":"https:\/\/quivid.de\/en\/wp-json\/wp\/v2\/media\/7412"},{"embeddable":true,"href":"https:\/\/quivid.de\/en\/wp-json\/wp\/v2\/media\/7414"},{"embeddable":true,"href":"https:\/\/quivid.de\/en\/wp-json\/wp\/v2\/media\/7285"},{"embeddable":true,"href":"https:\/\/quivid.de\/en\/wp-json\/wp\/v2\/media\/7408"}],"wp:featuredmedia":[{"embeddable":true,"href":"https:\/\/quivid.de\/en\/wp-json\/wp\/v2\/media\/7415"}],"wp:attachment":[{"href":"https:\/\/quivid.de\/en\/wp-json\/wp\/v2\/media?parent=7281"}],"wp:term":[{"taxonomy":"category","embeddable":true,"href":"https:\/\/quivid.de\/en\/wp-json\/wp\/v2\/categories?post=7281"},{"taxonomy":"district","embeddable":true,"href":"https:\/\/quivid.de\/en\/wp-json\/wp\/v2\/district?post=7281"},{"taxonomy":"access","embeddable":true,"href":"https:\/\/quivid.de\/en\/wp-json\/wp\/v2\/access?post=7281"},{"taxonomy":"accessibility","embeddable":true,"href":"https:\/\/quivid.de\/en\/wp-json\/wp\/v2\/accessibility?post=7281"},{"taxonomy":"space","embeddable":true,"href":"https:\/\/quivid.de\/en\/wp-json\/wp\/v2\/space?post=7281"},{"taxonomy":"year","embeddable":true,"href":"https:\/\/quivid.de\/en\/wp-json\/wp\/v2\/year?post=7281"},{"taxonomy":"gender","embeddable":true,"href":"https:\/\/quivid.de\/en\/wp-json\/wp\/v2\/gender?post=7281"}],"curies":[{"name":"wp","href":"https:\/\/api.w.org\/{rel}","templated":true}]}}