{"id":7203,"date":"2024-10-22T13:59:59","date_gmt":"2024-10-22T11:59:59","guid":{"rendered":"https:\/\/quivid.de\/?p=7203"},"modified":"2025-04-29T15:52:28","modified_gmt":"2025-04-29T13:52:28","slug":"hortus-parvulorum","status":"publish","type":"post","link":"https:\/\/quivid.de\/en\/hortus-parvulorum\/7203\/","title":{"rendered":"Hortus Parvulorum"},"content":{"rendered":"","protected":false},"excerpt":{"rendered":"","protected":false},"author":10,"featured_media":7210,"comment_status":"closed","ping_status":"closed","sticky":false,"template":"","format":"standard","meta":{"_acf_changed":false,"inline_featured_image":false,"footnotes":""},"categories":[168],"district":[140],"access":[194],"accessibility":[131],"space":[132],"year":[248],"gender":[133],"class_list":["post-7203","post","type-post","status-publish","format-standard","has-post-thumbnail","hentry","category-platzgestaltung","district-feldmoching-hasenbergl","access-auf-anfrage-zugaenglich","accessibility-barrierefrei-zugaenglich","space-aussenraum","year-248","gender-m"],"link_en":"https:\/\/quivid.de\/en\/\/en\/hortus-parvulorum\/7203","acf":{"werk_qv_id":"","werk_artist":[{"werk_artist_name":"Groh","werk_artist_surname":"Wolfgang","werk_artist_gender":"m"}],"werk_artists":[{"ID":1292,"post_author":"1","post_date":"2022-06-28 16:30:26","post_date_gmt":"2022-06-28 14:30:26","post_content":"Wolfgang Groh (*1961 in M\u00fcnchen) studierte an den Kunstakademien N\u00fcrnberg, M\u00fcnchen und Dublin und absolvierte im Anschluss erfolgreich ein Promotionsstudium an der Ludwig-Maximilians-Universit\u00e4t in M\u00fcnchen mit den Schwerpunkten Kunstgeschichte, Kunstp\u00e4dagogik und Philosophie. Seine \u00e4sthetischen Ideen realisiert er in unterschiedlichen Medien wie Zeichnung, Malerei, Assemblage, Fotografie und Skulptur. Wolfgang Groh ist Mitglied der Freien Klasse M\u00fcnchen. Er lebt und arbeitet in M\u00fcnchen und Tralee (Eire).\r\n\r\n<a class=\"button-rounded\" href=\"https:\/\/www.wolfgang-groh.net\" target=\"_blank\" rel=\"noopener\">ZUR WEBSEITE DES K\u00dcNSTLERS<\/a>","post_title":"Wolfgang Groh","post_excerpt":"","post_status":"publish","comment_status":"open","ping_status":"open","post_password":"","post_name":"groh-wolfgang","to_ping":"","pinged":"","post_modified":"2024-10-22 14:00:47","post_modified_gmt":"2024-10-22 12:00:47","post_content_filtered":"","post_parent":0,"guid":"https:\/\/quivid.de\/artist\/groh-wolfgang\/","menu_order":96,"post_type":"artist","post_mime_type":"","comment_count":"0","filter":"raw"}],"werk_location_district":"Feldmoching-Hasenbergl","werk_location_address":"Neubau Haus f\u00fcr Kinder Fortnerstra\u00dfe 11, 80933 M\u00fcnchen","werk_location_longitude":"48.2212640934798","werk_location_latitude":"11.5602369521976","werk_material":"Plastische Realisierung der Figurengruppe: Elisabeth Wieberneit<br \/>\r\nFigurengruppe: Bronze, unterschiedlich patiniert, ca. 60 x 80 x 80 cm; Sockel: Beton, 70 x 90 x 90 cm; Forum: 400 x 400 cm<br \/>\r\nBoden: Fallschutzbelag lichtgrau<br \/>\r\nSitzb\u00e4nke: Beton; Komposter: Beton<br \/>\r\nHPL-Platten, 80 x 90 x 140 cm<br \/>\r\nKrone: Bronze, Durchmesser 23 cm<br \/>\r\nZwei Duo Obstb\u00e4ume mit jeweils zwei unterschiedlichen Sorten an Kern-und Steinobst","werk_technical_data":"","werk_technical_data_en":"","werk_client":"Landeshauptstadt M\u00fcnchen, Baureferat","werk_visibility":false,"werk_map":false,"werk_parts":"","werk_institution":"","werk_architect":"Entwurf: Meissler Architekten, M\u00fcnchen. Werkplanung und Bauausf\u00fchrung: Asb\u00f6ck Architekten, M\u00fcnchen","werk_architect_landscape":"mahl\u00b7gebhard\u00b7konzepte Landschaftsarchitekten, M\u00fcnchen","werk_photograph":"Judith Buss Fotografie","werk_author":"Roberta De Righi","werk_txt_long_en":"<p>What is nature, and are humans and nature diametrically opposed? Initially, one might regard double fruit trees as a miracle or, at second glance, simply the successful grafting of fruit trees. In \u201cHortus Parvulorum\u201d, Wolfgang Groh\u2019s artwork for the day care center on Fortnerstra\u00dfe, nature transformed by humans is an integral component of the artistic ensemble.<\/p>\n<p>\u2018Hortus Parvulorum\u2019 literally means \u2018children\u2019s garden.\u2019 Just as the environment plays an important role in the facility with its extensive garden, the artistic intervention also takes its cue from nature. Groh has used four different elements to define this place of learning and experience in the outdoor space. The result is a small square in the greenery; an intimate area where the children can explore the world of flora and fauna and exchange ideas with the nature educators.<\/p>\n<p>The four-by-four meter area has a slip-resistant surface and is surrounded on two sides by a concrete corner bench. The Munich artist planted a small, grafted tree with apples and stone fruit in each of the two corners. In summer, the children and teachers can see two different varieties of apples growing on one tree and small Mirabelle plums and another plum variety on the other.<\/p>\n<p>The work, however, focuses conceptually not only on how we deal with nature; it also thematically visualizes it. In its center a group of patinated bronze figures are mounted on a pedestal and encounter the children at eye level. Created by the sculptor Elisabeth Wieberneit , the work depicts four young children\u2014two girls and two boys\u2014hard at work. Two stand directly on the balancing plinth, straining to keep a stack of beams in balance. This is particularly difficult, as the other two youngsters are on the four stacked beams, which, in turn, carry a lush garland of fruit and leaves. The wreath is inspired by ancient Roman depictions symbolizing the celebration of nature and its fruits as a gift from the gods. The sculpture similarly demonstrates the great effort involved in maintaining the fragile balance between nature and mankind.<\/p>\n<p>On a corner of the small square forum, facing the daycare center, there is a \u2018crowned\u2019 locked cabinet. A treasure chest, perhaps? Possibly. Behind its closed door, the \u201ccompost critters\u201d are hard at work turning the organic waste they have been fed into valuable soil. They remain invisible to us, but a horde of tiny creatures ensures that the garden remains fertile and the trees will continue to bear fruit in the future. These tiny organisms deserve a crown for their work.<\/p>\n<p>\u201cA garden is not an object, but a process,\u201d[1] the Scottish writer and artist Ian Hamilton Finlay once wrote. In \u201cHortus Parvulorum\u201d Wolfgang Groh illustrates this development as a cycle of growth and decay.<\/p>\n<p>[1]\u00a0 Ian Hamilton Finlay, Unconnected Sentences on Gardening, in: \u201cNature over again after Poussin,\u201d exhibition catalogue, Glasgow, Collins Exhibition Hall, 1980, [no pagination].<\/p>\n","werk_img":[{"ID":7209,"id":7209,"title":"quivid-muenchen-wolfgang-groh-hortus-parvulorum-kunst-am-bau-2024-02","filename":"quivid-muenchen-wolfgang-groh-hortus-parvulorum-kunst-am-bau-2024-02.jpg","filesize":3649056,"url":"https:\/\/quivid.de\/wp-content\/uploads\/quivid-muenchen-wolfgang-groh-hortus-parvulorum-kunst-am-bau-2024-02.jpg","link":"https:\/\/quivid.de\/en\/hortus-parvulorum\/7203\/quivid-muenchen-wolfgang-groh-hortus-parvulorum-kunst-am-bau-2024-02-2\/","alt":"","author":"10","description":"","caption":"","name":"quivid-muenchen-wolfgang-groh-hortus-parvulorum-kunst-am-bau-2024-02-2","status":"inherit","uploaded_to":7203,"date":"2024-10-18 08:29:23","modified":"2024-10-18 08:29:23","menu_order":0,"mime_type":"image\/jpeg","type":"image","subtype":"jpeg","icon":"https:\/\/quivid.de\/wp-includes\/images\/media\/default.png","width":2480,"height":1653,"sizes":{"thumbnail":"https:\/\/quivid.de\/wp-content\/uploads\/quivid-muenchen-wolfgang-groh-hortus-parvulorum-kunst-am-bau-2024-02-200x133.jpg","thumbnail-width":200,"thumbnail-height":133,"medium":"https:\/\/quivid.de\/wp-content\/uploads\/quivid-muenchen-wolfgang-groh-hortus-parvulorum-kunst-am-bau-2024-02-1280x853.jpg","medium-width":1280,"medium-height":853,"medium_large":"https:\/\/quivid.de\/wp-content\/uploads\/quivid-muenchen-wolfgang-groh-hortus-parvulorum-kunst-am-bau-2024-02-768x512.jpg","medium_large-width":768,"medium_large-height":512,"large":"https:\/\/quivid.de\/wp-content\/uploads\/quivid-muenchen-wolfgang-groh-hortus-parvulorum-kunst-am-bau-2024-02.jpg","large-width":2480,"large-height":1653,"1536x1536":"https:\/\/quivid.de\/wp-content\/uploads\/quivid-muenchen-wolfgang-groh-hortus-parvulorum-kunst-am-bau-2024-02-1536x1024.jpg","1536x1536-width":1536,"1536x1536-height":1024,"2048x2048":"https:\/\/quivid.de\/wp-content\/uploads\/quivid-muenchen-wolfgang-groh-hortus-parvulorum-kunst-am-bau-2024-02-2048x1365.jpg","2048x2048-width":2048,"2048x2048-height":1365,"alm-thumbnail":"https:\/\/quivid.de\/wp-content\/uploads\/quivid-muenchen-wolfgang-groh-hortus-parvulorum-kunst-am-bau-2024-02-150x150.jpg","alm-thumbnail-width":150,"alm-thumbnail-height":150,"_2560":"https:\/\/quivid.de\/wp-content\/uploads\/quivid-muenchen-wolfgang-groh-hortus-parvulorum-kunst-am-bau-2024-02-1920x1280.jpg","_2560-width":1920,"_2560-height":1280,"_1920":"https:\/\/quivid.de\/wp-content\/uploads\/quivid-muenchen-wolfgang-groh-hortus-parvulorum-kunst-am-bau-2024-02-1920x1280.jpg","_1920-width":1920,"_1920-height":1280,"_1280":"https:\/\/quivid.de\/wp-content\/uploads\/quivid-muenchen-wolfgang-groh-hortus-parvulorum-kunst-am-bau-2024-02-1280x853.jpg","_1280-width":1280,"_1280-height":853,"_1024":"https:\/\/quivid.de\/wp-content\/uploads\/quivid-muenchen-wolfgang-groh-hortus-parvulorum-kunst-am-bau-2024-02-1024x683.jpg","_1024-width":1024,"_1024-height":683,"_768":"https:\/\/quivid.de\/wp-content\/uploads\/quivid-muenchen-wolfgang-groh-hortus-parvulorum-kunst-am-bau-2024-02-768x512.jpg","_768-width":768,"_768-height":512}},{"ID":7211,"id":7211,"title":"quivid-muenchen-wolfgang-groh-hortus-parvulorum-kunst-am-bau-2024-03","filename":"quivid-muenchen-wolfgang-groh-hortus-parvulorum-kunst-am-bau-2024-03.jpg","filesize":2717210,"url":"https:\/\/quivid.de\/wp-content\/uploads\/quivid-muenchen-wolfgang-groh-hortus-parvulorum-kunst-am-bau-2024-03.jpg","link":"https:\/\/quivid.de\/en\/hortus-parvulorum\/7203\/quivid-muenchen-wolfgang-groh-hortus-parvulorum-kunst-am-bau-2024-03-2\/","alt":"","author":"10","description":"","caption":"","name":"quivid-muenchen-wolfgang-groh-hortus-parvulorum-kunst-am-bau-2024-03-2","status":"inherit","uploaded_to":7203,"date":"2024-10-18 08:29:26","modified":"2024-10-18 08:29:26","menu_order":0,"mime_type":"image\/jpeg","type":"image","subtype":"jpeg","icon":"https:\/\/quivid.de\/wp-includes\/images\/media\/default.png","width":1653,"height":2480,"sizes":{"thumbnail":"https:\/\/quivid.de\/wp-content\/uploads\/quivid-muenchen-wolfgang-groh-hortus-parvulorum-kunst-am-bau-2024-03-200x300.jpg","thumbnail-width":200,"thumbnail-height":300,"medium":"https:\/\/quivid.de\/wp-content\/uploads\/quivid-muenchen-wolfgang-groh-hortus-parvulorum-kunst-am-bau-2024-03-853x1280.jpg","medium-width":853,"medium-height":1280,"medium_large":"https:\/\/quivid.de\/wp-content\/uploads\/quivid-muenchen-wolfgang-groh-hortus-parvulorum-kunst-am-bau-2024-03-768x1152.jpg","medium_large-width":768,"medium_large-height":1152,"large":"https:\/\/quivid.de\/wp-content\/uploads\/quivid-muenchen-wolfgang-groh-hortus-parvulorum-kunst-am-bau-2024-03.jpg","large-width":1653,"large-height":2480,"1536x1536":"https:\/\/quivid.de\/wp-content\/uploads\/quivid-muenchen-wolfgang-groh-hortus-parvulorum-kunst-am-bau-2024-03-1024x1536.jpg","1536x1536-width":1024,"1536x1536-height":1536,"2048x2048":"https:\/\/quivid.de\/wp-content\/uploads\/quivid-muenchen-wolfgang-groh-hortus-parvulorum-kunst-am-bau-2024-03-1365x2048.jpg","2048x2048-width":1365,"2048x2048-height":2048,"alm-thumbnail":"https:\/\/quivid.de\/wp-content\/uploads\/quivid-muenchen-wolfgang-groh-hortus-parvulorum-kunst-am-bau-2024-03-150x150.jpg","alm-thumbnail-width":150,"alm-thumbnail-height":150,"_2560":"https:\/\/quivid.de\/wp-content\/uploads\/quivid-muenchen-wolfgang-groh-hortus-parvulorum-kunst-am-bau-2024-03.jpg","_2560-width":1653,"_2560-height":2480,"_1920":"https:\/\/quivid.de\/wp-content\/uploads\/quivid-muenchen-wolfgang-groh-hortus-parvulorum-kunst-am-bau-2024-03.jpg","_1920-width":1653,"_1920-height":2480,"_1280":"https:\/\/quivid.de\/wp-content\/uploads\/quivid-muenchen-wolfgang-groh-hortus-parvulorum-kunst-am-bau-2024-03-1280x1920.jpg","_1280-width":1280,"_1280-height":1920,"_1024":"https:\/\/quivid.de\/wp-content\/uploads\/quivid-muenchen-wolfgang-groh-hortus-parvulorum-kunst-am-bau-2024-03-1024x1536.jpg","_1024-width":1024,"_1024-height":1536,"_768":"https:\/\/quivid.de\/wp-content\/uploads\/quivid-muenchen-wolfgang-groh-hortus-parvulorum-kunst-am-bau-2024-03-768x1152.jpg","_768-width":768,"_768-height":1152}},{"ID":7218,"id":7218,"title":"2024_10_06_Kunst_am_Bau_Fortnerstra\u00dfe_Foto_SeebergerBuss_ING_2179-2","filename":"2024_10_06_kunst_am_bau_fortnerstrasse_foto_seebergerbuss_ing_2179-2.jpg","filesize":3501869,"url":"https:\/\/quivid.de\/wp-content\/uploads\/2024_10_06_kunst_am_bau_fortnerstrasse_foto_seebergerbuss_ing_2179-2.jpg","link":"https:\/\/quivid.de\/en\/hortus-parvulorum\/7203\/2024_10_06_kunst_am_bau_fortnerstrasse_foto_seebergerbuss_ing_2179-2-2\/","alt":"","author":"10","description":"","caption":"","name":"2024_10_06_kunst_am_bau_fortnerstrasse_foto_seebergerbuss_ing_2179-2-2","status":"inherit","uploaded_to":7203,"date":"2024-10-22 09:00:31","modified":"2024-10-22 09:00:34","menu_order":0,"mime_type":"image\/jpeg","type":"image","subtype":"jpeg","icon":"https:\/\/quivid.de\/wp-includes\/images\/media\/default.png","width":2480,"height":1653,"sizes":{"thumbnail":"https:\/\/quivid.de\/wp-content\/uploads\/2024_10_06_kunst_am_bau_fortnerstrasse_foto_seebergerbuss_ing_2179-2-200x133.jpg","thumbnail-width":200,"thumbnail-height":133,"medium":"https:\/\/quivid.de\/wp-content\/uploads\/2024_10_06_kunst_am_bau_fortnerstrasse_foto_seebergerbuss_ing_2179-2-1280x853.jpg","medium-width":1280,"medium-height":853,"medium_large":"https:\/\/quivid.de\/wp-content\/uploads\/2024_10_06_kunst_am_bau_fortnerstrasse_foto_seebergerbuss_ing_2179-2-768x512.jpg","medium_large-width":768,"medium_large-height":512,"large":"https:\/\/quivid.de\/wp-content\/uploads\/2024_10_06_kunst_am_bau_fortnerstrasse_foto_seebergerbuss_ing_2179-2.jpg","large-width":2480,"large-height":1653,"1536x1536":"https:\/\/quivid.de\/wp-content\/uploads\/2024_10_06_kunst_am_bau_fortnerstrasse_foto_seebergerbuss_ing_2179-2-1536x1024.jpg","1536x1536-width":1536,"1536x1536-height":1024,"2048x2048":"https:\/\/quivid.de\/wp-content\/uploads\/2024_10_06_kunst_am_bau_fortnerstrasse_foto_seebergerbuss_ing_2179-2-2048x1365.jpg","2048x2048-width":2048,"2048x2048-height":1365,"alm-thumbnail":"https:\/\/quivid.de\/wp-content\/uploads\/2024_10_06_kunst_am_bau_fortnerstrasse_foto_seebergerbuss_ing_2179-2-150x150.jpg","alm-thumbnail-width":150,"alm-thumbnail-height":150,"_2560":"https:\/\/quivid.de\/wp-content\/uploads\/2024_10_06_kunst_am_bau_fortnerstrasse_foto_seebergerbuss_ing_2179-2-1920x1280.jpg","_2560-width":1920,"_2560-height":1280,"_1920":"https:\/\/quivid.de\/wp-content\/uploads\/2024_10_06_kunst_am_bau_fortnerstrasse_foto_seebergerbuss_ing_2179-2-1920x1280.jpg","_1920-width":1920,"_1920-height":1280,"_1280":"https:\/\/quivid.de\/wp-content\/uploads\/2024_10_06_kunst_am_bau_fortnerstrasse_foto_seebergerbuss_ing_2179-2-1280x853.jpg","_1280-width":1280,"_1280-height":853,"_1024":"https:\/\/quivid.de\/wp-content\/uploads\/2024_10_06_kunst_am_bau_fortnerstrasse_foto_seebergerbuss_ing_2179-2-1024x683.jpg","_1024-width":1024,"_1024-height":683,"_768":"https:\/\/quivid.de\/wp-content\/uploads\/2024_10_06_kunst_am_bau_fortnerstrasse_foto_seebergerbuss_ing_2179-2-768x512.jpg","_768-width":768,"_768-height":512}},{"ID":7213,"id":7213,"title":"quivid-muenchen-wolfgang-groh-hortus-parvulorum-kunst-am-bau-2024-05","filename":"quivid-muenchen-wolfgang-groh-hortus-parvulorum-kunst-am-bau-2024-05.jpg","filesize":1982268,"url":"https:\/\/quivid.de\/wp-content\/uploads\/quivid-muenchen-wolfgang-groh-hortus-parvulorum-kunst-am-bau-2024-05.jpg","link":"https:\/\/quivid.de\/en\/hortus-parvulorum\/7203\/quivid-muenchen-wolfgang-groh-hortus-parvulorum-kunst-am-bau-2024-05-2\/","alt":"","author":"10","description":"","caption":"","name":"quivid-muenchen-wolfgang-groh-hortus-parvulorum-kunst-am-bau-2024-05-2","status":"inherit","uploaded_to":7203,"date":"2024-10-18 08:30:53","modified":"2024-10-18 08:30:59","menu_order":0,"mime_type":"image\/jpeg","type":"image","subtype":"jpeg","icon":"https:\/\/quivid.de\/wp-includes\/images\/media\/default.png","width":1653,"height":2480,"sizes":{"thumbnail":"https:\/\/quivid.de\/wp-content\/uploads\/quivid-muenchen-wolfgang-groh-hortus-parvulorum-kunst-am-bau-2024-05-200x300.jpg","thumbnail-width":200,"thumbnail-height":300,"medium":"https:\/\/quivid.de\/wp-content\/uploads\/quivid-muenchen-wolfgang-groh-hortus-parvulorum-kunst-am-bau-2024-05-853x1280.jpg","medium-width":853,"medium-height":1280,"medium_large":"https:\/\/quivid.de\/wp-content\/uploads\/quivid-muenchen-wolfgang-groh-hortus-parvulorum-kunst-am-bau-2024-05-768x1152.jpg","medium_large-width":768,"medium_large-height":1152,"large":"https:\/\/quivid.de\/wp-content\/uploads\/quivid-muenchen-wolfgang-groh-hortus-parvulorum-kunst-am-bau-2024-05.jpg","large-width":1653,"large-height":2480,"1536x1536":"https:\/\/quivid.de\/wp-content\/uploads\/quivid-muenchen-wolfgang-groh-hortus-parvulorum-kunst-am-bau-2024-05-1024x1536.jpg","1536x1536-width":1024,"1536x1536-height":1536,"2048x2048":"https:\/\/quivid.de\/wp-content\/uploads\/quivid-muenchen-wolfgang-groh-hortus-parvulorum-kunst-am-bau-2024-05-1365x2048.jpg","2048x2048-width":1365,"2048x2048-height":2048,"alm-thumbnail":"https:\/\/quivid.de\/wp-content\/uploads\/quivid-muenchen-wolfgang-groh-hortus-parvulorum-kunst-am-bau-2024-05-150x150.jpg","alm-thumbnail-width":150,"alm-thumbnail-height":150,"_2560":"https:\/\/quivid.de\/wp-content\/uploads\/quivid-muenchen-wolfgang-groh-hortus-parvulorum-kunst-am-bau-2024-05.jpg","_2560-width":1653,"_2560-height":2480,"_1920":"https:\/\/quivid.de\/wp-content\/uploads\/quivid-muenchen-wolfgang-groh-hortus-parvulorum-kunst-am-bau-2024-05.jpg","_1920-width":1653,"_1920-height":2480,"_1280":"https:\/\/quivid.de\/wp-content\/uploads\/quivid-muenchen-wolfgang-groh-hortus-parvulorum-kunst-am-bau-2024-05-1280x1920.jpg","_1280-width":1280,"_1280-height":1920,"_1024":"https:\/\/quivid.de\/wp-content\/uploads\/quivid-muenchen-wolfgang-groh-hortus-parvulorum-kunst-am-bau-2024-05-1024x1536.jpg","_1024-width":1024,"_1024-height":1536,"_768":"https:\/\/quivid.de\/wp-content\/uploads\/quivid-muenchen-wolfgang-groh-hortus-parvulorum-kunst-am-bau-2024-05-768x1152.jpg","_768-width":768,"_768-height":1152}}],"werk_txt_long":"<p>Was ist Natur? Sind Mensch und Natur Gegens\u00e4tze? Ein Baum, an dem zweierlei Fr\u00fcchte wachsen, ist auf den ersten Blick ein Wunder. Auf den zweiten die gelungene Veredelung von Obstgeh\u00f6lz. Im \u201eHortus Parvulorum\u201c, Wolfgang Grohs Kunstwerk f\u00fcr die Kindertagesst\u00e4tte an der Fortnerstra\u00dfe, ist die \u2013 vom Menschen \u00fcberformte \u2013 Natur ein selbstverst\u00e4ndlicher Teil der Kunst.<\/p>\n<p>\u201eHortus Parvulorum\u201c bedeutet w\u00f6rtlich \u00fcbersetzt Kindergarten. Weil in der Einrichtung mit weitl\u00e4ufigem Garten die Umwelt eine wichtige Rolle spielt, ist auch die Kunst darauf ausgerichtet. Mit vier verschiedenen Elementen hat Groh einen Lehr- und Erlebnisort im Au\u00dfenraum definiert: Einen kleinen, quadratischen Platz im Gr\u00fcnen, an dem die Kinder mit den Naturp\u00e4dagog:innen Pflanzen- und Tierwelt erkunden und sich austauschen k\u00f6nnen.<\/p>\n<p>Die vier mal vier Meter gro\u00dfe Fl\u00e4che mit Fallschutzbelag ist an zwei Seiten von einer Eckbank aus Beton umgeben. An zwei Ecken wiederum pflanzte der M\u00fcnchner K\u00fcnstler je ein veredeltes B\u00e4umchen mit Kern-, bzw. Steinobst. Im Sommer k\u00f6nnen die Kinder und Erzieher:innen an dem einen zwei verschiedene Apfelsorten, an dem anderen kleine Mirabellen und dicke Pflaumen wachsen sehen.<\/p>\n<p>Aber die Arbeit stellt nicht nur konzeptuell den Umgang mit Natur in den Fokus, sondern macht ihn auch bildhaft zum Thema. Im Mittelpunkt steht auf einem Sockel in Augenh\u00f6he f\u00fcr Kinder eine Figurengruppe aus patinierter Bronze. Sie wurde geschaffen von der Bildhauerin Elisabeth Wieberneit und zeigt vier kleine Kinder, zwei M\u00e4dchen und zwei Jungen, die schwer besch\u00e4ftigt sind: Zwei stehen direkt auf dem Sockel und strengen sich an, einen Stapel aus Balken im Gleichgewicht zu halten. Was besonders schwierig ist, denn auf den vier aufeinandergeschichteten Balken balancieren zwei weitere Kinder, die wiederum eine \u00fcppige Girlande mit Obst und Bl\u00e4ttern tragen.<\/p>\n<p>Die Girlande ist von antik-r\u00f6mischen Darstellungen inspiriert, in denen sie ein Symbol f\u00fcr die Feier der Natur und ihrer Fr\u00fcchte als Gabe der G\u00f6tter gewesen ist. Doch die Plastik zeigt auch: Es bedeutet eine gro\u00dfe M\u00fche, das fragile Gleichgewicht aus Natur und Mensch in der Balance zu halten.<\/p>\n<p>An der Ecke des kleinen Platzes zum Kita-Geb\u00e4ude hin steht dar\u00fcber hinaus ein verschlossener Schrank, der eine Krone tr\u00e4gt. Eine Schatztruhe also? Ja und nein. Hinter ihrer verschlossenen T\u00fcr vollbringen die \u201eKomposttiere\u201c ihr Werk. Man f\u00fcttert sie mit biologischen Abf\u00e4llen, sie machen daraus wertvolle Erde. Sie bleiben f\u00fcr uns unsichtbar, aber eine Horde Kleinstlebewesen sorgt hier daf\u00fcr, dass der Garten fruchtbar bleiben kann, und die B\u00e4ume auch morgen noch Fr\u00fcchte tragen. Daf\u00fcr haben sie allemal eine Krone verdient.<\/p>\n<p>\u201eEin Garten ist kein Gegenstand, sondern ein Prozess\u201c[1], schrieb einst der schottische Schriftsteller und K\u00fcnstler Ian Hamilton Finlay. Und Wolfgang Groh macht im \u201eHortus Parvulorum\u201c diese Entwicklung als Kreislauf aus Werden und Vergehen deutlich.<\/p>\n<p>[1] Ian Hamilton Finlay, &#8220;Unconnected Sentences on Gardening&#8221;, in: \u201cNature over again after Poussin\u201d, Ausstellungskatalog Glasgow, Collins Exhibition Hall, 1980, o. S.<\/p>\n","werk_txt_context":"<p>Das QUIVID-Kunstwerk \u201eHortus Parvulorum\u201c des in M\u00fcnchen lebenden K\u00fcnstlers Wolfgang Groh entstand f\u00fcr den Neubau des Haus f\u00fcr Kinder in der Fortnerstra\u00dfe im Stadtbezirk 24 Feldmoching-Hasenbergl. An diesem Standort ging schon Mitte der 1950er Jahre die erste M\u00fcnchner Kinderkrippe in Betrieb. Das neue Haus f\u00fcr Kinder, ein Projekt der Ausbauoffensive Kindertagesst\u00e4tten, wird als Integrationseinrichtung mit zus\u00e4tzlichen R\u00e4umen f\u00fcr Therapieangebote gef\u00fchrt. Der K\u00fcnstler wurde von einer durch die Kommission f\u00fcr Kunst am Bau und im \u00f6ffentlichen Raum erstellten Vorschlagsliste f\u00fcr das Projekt ausgew\u00e4hlt und eingeladen, ein ortsspezifisches Kunstwerk f\u00fcr den Neubau zu entwickeln und zu realisieren.<\/p>\n","werk_collections":[{"ID":7696,"post_author":"5","post_date":"2025-02-17 18:57:42","post_date_gmt":"2025-02-17 17:57:42","post_content":"","post_title":"QUIVID-Review #2","post_excerpt":"","post_status":"publish","comment_status":"closed","ping_status":"closed","post_password":"","post_name":"quivid-review-2","to_ping":"","pinged":"","post_modified":"2025-04-29 15:58:58","post_modified_gmt":"2025-04-29 13:58:58","post_content_filtered":"","post_parent":0,"guid":"https:\/\/quivid.de\/?post_type=collection&#038;p=7696","menu_order":11,"post_type":"collection","post_mime_type":"","comment_count":"0","filter":"raw"},{"ID":7699,"post_author":"5","post_date":"2023-05-08 13:28:18","post_date_gmt":"2023-05-08 11:28:18","post_content":"","post_title":"Last realized","post_excerpt":"","post_status":"publish","comment_status":"closed","ping_status":"closed","post_password":"","post_name":"zuletzt-realisiert","to_ping":"","pinged":"","post_modified":"2025-04-28 16:19:34","post_modified_gmt":"2025-04-28 14:19:34","post_content_filtered":"","post_parent":0,"guid":"https:\/\/quivid.de\/collection\/zuletzt-realisiert\/","menu_order":1,"post_type":"collection","post_mime_type":"","comment_count":"0","filter":"raw"}],"werk_sort_data_artists":"Wolfgang Groh","werk_sort_data_district":"Feldmoching-Hasenbergl","werk_sort_data_year":"2024","werk_sort_data_access":"auf Anfrage zug\u00e4nglich","werk_sort_data_category":"Platzgestaltung"},"featured_image_src_1280":"https:\/\/quivid.de\/wp-content\/uploads\/quivid-muenchen-wolfgang-groh-hortus-parvulorum-kunst-am-bau-2024-03-1280x1920.jpg","featured_image_src_768":"https:\/\/quivid.de\/wp-content\/uploads\/quivid-muenchen-wolfgang-groh-hortus-parvulorum-kunst-am-bau-2024-03-768x1152.jpg","artists":[{"name":"Wolfgang Groh","url":"https:\/\/quivid.de\/en\/artist\/groh-wolfgang\/"}],"tax_category":"Platzgestaltung","tax_access":"auf Anfrage zug\u00e4nglich","tax_district":"Feldmoching-Hasenbergl","tax_year":2024,"_links":{"self":[{"href":"https:\/\/quivid.de\/en\/wp-json\/wp\/v2\/posts\/7203","targetHints":{"allow":["GET"]}}],"collection":[{"href":"https:\/\/quivid.de\/en\/wp-json\/wp\/v2\/posts"}],"about":[{"href":"https:\/\/quivid.de\/en\/wp-json\/wp\/v2\/types\/post"}],"author":[{"embeddable":true,"href":"https:\/\/quivid.de\/en\/wp-json\/wp\/v2\/users\/10"}],"replies":[{"embeddable":true,"href":"https:\/\/quivid.de\/en\/wp-json\/wp\/v2\/comments?post=7203"}],"version-history":[{"count":9,"href":"https:\/\/quivid.de\/en\/wp-json\/wp\/v2\/posts\/7203\/revisions"}],"predecessor-version":[{"id":7738,"href":"https:\/\/quivid.de\/en\/wp-json\/wp\/v2\/posts\/7203\/revisions\/7738"}],"acf:attachment":[{"embeddable":true,"href":"https:\/\/quivid.de\/en\/wp-json\/wp\/v2\/media\/7213"},{"embeddable":true,"href":"https:\/\/quivid.de\/en\/wp-json\/wp\/v2\/media\/7218"},{"embeddable":true,"href":"https:\/\/quivid.de\/en\/wp-json\/wp\/v2\/media\/7211"},{"embeddable":true,"href":"https:\/\/quivid.de\/en\/wp-json\/wp\/v2\/media\/7209"}],"acf:post":[{"embeddable":true,"href":"https:\/\/quivid.de\/en\/wp-json\/wp\/v2\/artist\/1292"}],"wp:featuredmedia":[{"embeddable":true,"href":"https:\/\/quivid.de\/en\/wp-json\/wp\/v2\/media\/7210"}],"wp:attachment":[{"href":"https:\/\/quivid.de\/en\/wp-json\/wp\/v2\/media?parent=7203"}],"wp:term":[{"taxonomy":"category","embeddable":true,"href":"https:\/\/quivid.de\/en\/wp-json\/wp\/v2\/categories?post=7203"},{"taxonomy":"district","embeddable":true,"href":"https:\/\/quivid.de\/en\/wp-json\/wp\/v2\/district?post=7203"},{"taxonomy":"access","embeddable":true,"href":"https:\/\/quivid.de\/en\/wp-json\/wp\/v2\/access?post=7203"},{"taxonomy":"accessibility","embeddable":true,"href":"https:\/\/quivid.de\/en\/wp-json\/wp\/v2\/accessibility?post=7203"},{"taxonomy":"space","embeddable":true,"href":"https:\/\/quivid.de\/en\/wp-json\/wp\/v2\/space?post=7203"},{"taxonomy":"year","embeddable":true,"href":"https:\/\/quivid.de\/en\/wp-json\/wp\/v2\/year?post=7203"},{"taxonomy":"gender","embeddable":true,"href":"https:\/\/quivid.de\/en\/wp-json\/wp\/v2\/gender?post=7203"}],"curies":[{"name":"wp","href":"https:\/\/api.w.org\/{rel}","templated":true}]}}