{"id":6952,"date":"2024-07-25T11:34:29","date_gmt":"2024-07-25T09:34:29","guid":{"rendered":"https:\/\/quivid.de\/?p=6952"},"modified":"2025-04-29T15:53:37","modified_gmt":"2025-04-29T13:53:37","slug":"reflexe","status":"publish","type":"post","link":"https:\/\/quivid.de\/en\/reflexe\/6952\/","title":{"rendered":"REFLEXE"},"content":{"rendered":"","protected":false},"excerpt":{"rendered":"","protected":false},"author":10,"featured_media":6953,"comment_status":"closed","ping_status":"closed","sticky":false,"template":"","format":"standard","meta":{"_acf_changed":false,"inline_featured_image":false,"footnotes":""},"categories":[134],"district":[152],"access":[193],"accessibility":[131],"space":[132],"year":[248],"gender":[177],"class_list":["post-6952","post","type-post","status-publish","format-standard","has-post-thumbnail","hentry","category-fassadengestaltung","district-aubing-lochhausen-langwied","access-oeffentlich-zugaenglich","accessibility-barrierefrei-zugaenglich","space-aussenraum","year-248","gender-w-m"],"link_en":"https:\/\/quivid.de\/en\/\/en\/reflexe\/6952","acf":{"werk_qv_id":"","werk_artist":[{"werk_artist_name":"Kiock","werk_artist_surname":"Valerie","werk_artist_gender":"w"},{"werk_artist_name":"Dietrich","werk_artist_surname":"Zeno","werk_artist_gender":"m"}],"werk_artists":[{"ID":6951,"post_author":"10","post_date":"2024-07-24 15:00:21","post_date_gmt":"2024-07-24 13:00:21","post_content":"VALERIE KIOCK\r\n*1971 in M\u00fcnchen\r\nlebt und arbeitet als selbst\u00e4ndige Grafikerin in M\u00fcnchen\r\n\r\n1992\u20131994 Vorkurs und der Basiserweiterungsklasse an der Schule f\u00fcr Gestaltung in Basel\r\n1994\u20131998 Grafikfachklasse an der Schule f\u00fcr Gestaltung in Z\u00fcrich\r\nGr\u00fcndungsmitglied der M\u00f6beldesigngruppe N2 mit Ausstellungen in Basel, Mailand, K\u00f6ln, Luzern und Hamburg (1997\u20131999)\r\n1997 Praktikum bei M\u00fcller+Hess in Basel\r\n1998 \u2013 2002 als Designer bzw. Art Director bei Williams &amp; Phoa Ltd., London und Gettyimages, London\r\n2000 und 2001 Lehrauftrag Grafikfachklasse in Luzern\r\nseit 2003 selbst\u00e4ndige Grafikerin in M\u00fcnchen\r\n\r\nAusstellungen (Auswahl)\r\n2017 \u201eOTOFFOTO\" bei schlegelschmuck, M\u00fcnchen\r\n2019 \u201edots, points, circles\u201c in der Galerie Claudia Weil, Friedberg-Rinnenthal (Gruppenausstellung)\r\n2021 \u201eBl\u00e4tter\u201c bei schlegelschmuck, M\u00fcnchen\r\n\r\n<a class=\"button-rounded\" href=\"https:\/\/www.valerie-kiock.com\/\" target=\"_blank\" rel=\"noopener\">valerie-kiock.com<\/a>\r\n\r\nZENO DIETRICH\r\n*1971 in M\u00fcnchen\r\n1991-1998 Architekturstudium an der TU M\u00fcnchen, ETSAB Barcelona\r\n\r\n1998-2000 Architekt und Lichtk\u00fcnstler in London: Architektur f\u00fcr Adjaye and Russell Architecture, K\u00fcnstlerische Assistenz f\u00fcr Kathy de Moncheaux, Lichtkunst vertreten durch Galerist Dominic Berning\r\n2000-2014 Architektur und Kunst in M\u00fcnchen f\u00fcr u.a. Peter Haimerl, Architekten Wollmann und Mang, Kunstprojekte mit Rudolf Bott Kapelle, Altenheim St. Franziskus, M\u00fcnchen, Lithurgie im Neubau St. Nikolaus, Neuried\r\n2014-2018 Architekt bei Und Mang Architektur\r\n2018-2022 Wissenschaftlicher Mitarbeiter am Lehrstuhl f\u00fcr Entwerfen und Holzbau bei Prof. Kaufmann, Prof.Birk, TU M\u00fcnchen\r\nSeit 2022 Freier Architekt und K\u00fcnstler in M\u00fcnchen\r\n\r\nAusstellungen\r\n1996 Stadtmuseum M\u00fcnchen Aufm\u00f6beln Gestaltungswettbewerb Recycling Container\r\n2000 12th Contemporary Art Fair, Gallery Dominic Berning, London","post_title":"Valerie Kiock und Zeno Dietrich","post_excerpt":"","post_status":"publish","comment_status":"closed","ping_status":"closed","post_password":"","post_name":"valerie-kiock-und-zeno-dietrich","to_ping":"","pinged":"","post_modified":"2024-08-06 09:55:25","post_modified_gmt":"2024-08-06 07:55:25","post_content_filtered":"","post_parent":0,"guid":"https:\/\/quivid.de\/?post_type=artist&#038;p=6951","menu_order":24,"post_type":"artist","post_mime_type":"","comment_count":"0","filter":"raw"}],"werk_location_district":"Aubing-Lochhausen-Langwied","werk_location_address":"AWO's Fredl Jugendfreizeitst\u00e4tte, Bodenseestra\u00dfe 186, 81243 M\u00fcnchen","werk_location_longitude":"48.145124639514","werk_location_latitude":"11.4307500855449","werk_material":"44-teilige Installation, Edelstahl elektropoliert & gekantet, 19,8 x 2,6 m","werk_technical_data":"","werk_technical_data_en":"","werk_client":"Landeshauptstadt M\u00fcnchen, Baureferat","werk_visibility":true,"werk_map":false,"werk_parts":"","werk_institution":"AWO's Fredl Jugendfreizeitst\u00e4tte","werk_architect":"MHH-Architekten, M\u00fcnchen","werk_architect_landscape":"Wolfgang Niemeyer Landschaftsarchitektur, M\u00fcnchen","werk_photograph":"Florian Holzherr","werk_author":"Dr. Christa H\u00e4usler","werk_txt_long_en":"<p>Like a shimmering, composite ribbon, the decidedly reflective metal steles appear to glide along the facade of the new addition to the AWO\u2019s Fredl Youth Recreation Center. Valerie Kiock and Zeno Dietrich designed their \u201cReflexes\u201d installation for the south and east sides of the building on Bodenseestrasse. The new structure marks the first installment of the extensive public and cross-district green space, which is accessed via a promenade that runs parallel to the building. The structure\u2019s L-shaped floor plan, which has a covered entrance area open on two sides and a transparent entry, provides a direct view into the private garden inside. Valerie Kiock and Zeno Dietrich appropriated this aspect of transparency and contrasted it with the spectacle of reflection.<\/p>\n<p>The serial arrangement of the fifteen-centimeter wide, floor-to-ceiling elements contrasts with the various fractured shapes that create the light reflections on the reflective metal. The prevailing conditions of the surroundings, including vehicles, clouds and trees, form an ever-changing image that rhythmically breaks through the clearly structured wall of terracotta-colored clinker bricks, and even appears to dissolve it. \u201cThe Fredl\u201d is a place of activity, a workshop,\u201d Valerie Kiock notes, \u201cso the art in the building should also reflect this.\u201d And indeed it does: the integration of daylight creates the reflections the artists desire. At first, they appear as an illusion to passers-by and the young visitors at the Fredl. Are the steles adorned with figurative motifs? Are they openings or windows that permit a look behind the facade?<\/p>\n<p>The interior and exterior spaces seem to penetrate each other; it is only at second glance that the materiality of the steles\u2013including one\u2019s own, persistent reflection\u2013is evident. The interplay of transparency and reflection is both irritating and surprising, as passers-by also become actors and assist in determining the motif of the fleeting image. The Fredl is a meeting place where children and young adults come to play sports, learn and engage with each other. All visitors enter the building through the double-winged glass door, which is also the center from which the artists determined the sequence of the steel elements. The rhythm of their spacing is inspired by the circular waves that a skipping stone makes in the water without following an overly-rigid pattern. This creates unexpected perspectives for the viewer and constantly redefined spaces and surroundings.<\/p>\n<p>The diverse aspects of this work, its self-confident dialogue with the architecture and playful engagement with its surroundings and outside space are inspiring, even cheerful. \u201cReflexes\u201d is an invitation to engage and exchange directed at both Fredl visitors as well as at the residents and passers-by on their way into the park.<\/p>\n","werk_img":[{"ID":6967,"id":6967,"title":"quivid-kunst-am-bau-kiock-dietrich-reflexe-muenchen-2024-03","filename":"quivid-kunst-am-bau-kiock-dietrich-reflexe-muenchen-2024-03-1.jpg","filesize":619522,"url":"https:\/\/quivid.de\/wp-content\/uploads\/quivid-kunst-am-bau-kiock-dietrich-reflexe-muenchen-2024-03-1.jpg","link":"https:\/\/quivid.de\/en\/reflexe\/6952\/quivid-kunst-am-bau-kiock-dietrich-reflexe-muenchen-2024-03-2\/","alt":"","author":"10","description":"","caption":"","name":"quivid-kunst-am-bau-kiock-dietrich-reflexe-muenchen-2024-03-2","status":"inherit","uploaded_to":6952,"date":"2024-07-24 13:18:41","modified":"2024-07-24 13:18:41","menu_order":0,"mime_type":"image\/jpeg","type":"image","subtype":"jpeg","icon":"https:\/\/quivid.de\/wp-includes\/images\/media\/default.png","width":1000,"height":750,"sizes":{"thumbnail":"https:\/\/quivid.de\/wp-content\/uploads\/quivid-kunst-am-bau-kiock-dietrich-reflexe-muenchen-2024-03-1-200x150.jpg","thumbnail-width":200,"thumbnail-height":150,"medium":"https:\/\/quivid.de\/wp-content\/uploads\/quivid-kunst-am-bau-kiock-dietrich-reflexe-muenchen-2024-03-1.jpg","medium-width":1000,"medium-height":750,"medium_large":"https:\/\/quivid.de\/wp-content\/uploads\/quivid-kunst-am-bau-kiock-dietrich-reflexe-muenchen-2024-03-1-768x576.jpg","medium_large-width":768,"medium_large-height":576,"large":"https:\/\/quivid.de\/wp-content\/uploads\/quivid-kunst-am-bau-kiock-dietrich-reflexe-muenchen-2024-03-1.jpg","large-width":1000,"large-height":750,"1536x1536":"https:\/\/quivid.de\/wp-content\/uploads\/quivid-kunst-am-bau-kiock-dietrich-reflexe-muenchen-2024-03-1.jpg","1536x1536-width":1000,"1536x1536-height":750,"2048x2048":"https:\/\/quivid.de\/wp-content\/uploads\/quivid-kunst-am-bau-kiock-dietrich-reflexe-muenchen-2024-03-1.jpg","2048x2048-width":1000,"2048x2048-height":750,"alm-thumbnail":"https:\/\/quivid.de\/wp-content\/uploads\/quivid-kunst-am-bau-kiock-dietrich-reflexe-muenchen-2024-03-1-150x150.jpg","alm-thumbnail-width":150,"alm-thumbnail-height":150,"_2560":"https:\/\/quivid.de\/wp-content\/uploads\/quivid-kunst-am-bau-kiock-dietrich-reflexe-muenchen-2024-03-1.jpg","_2560-width":1000,"_2560-height":750,"_1920":"https:\/\/quivid.de\/wp-content\/uploads\/quivid-kunst-am-bau-kiock-dietrich-reflexe-muenchen-2024-03-1.jpg","_1920-width":1000,"_1920-height":750,"_1280":"https:\/\/quivid.de\/wp-content\/uploads\/quivid-kunst-am-bau-kiock-dietrich-reflexe-muenchen-2024-03-1.jpg","_1280-width":1000,"_1280-height":750,"_1024":"https:\/\/quivid.de\/wp-content\/uploads\/quivid-kunst-am-bau-kiock-dietrich-reflexe-muenchen-2024-03-1.jpg","_1024-width":1000,"_1024-height":750,"_768":"https:\/\/quivid.de\/wp-content\/uploads\/quivid-kunst-am-bau-kiock-dietrich-reflexe-muenchen-2024-03-1-768x576.jpg","_768-width":768,"_768-height":576}},{"ID":6962,"id":6962,"title":"quivid-kunst-am-bau-kiock-dietrich-reflexe-muenchen-2024-05","filename":"quivid-kunst-am-bau-kiock-dietrich-reflexe-muenchen-2024-05.jpg","filesize":574754,"url":"https:\/\/quivid.de\/wp-content\/uploads\/quivid-kunst-am-bau-kiock-dietrich-reflexe-muenchen-2024-05.jpg","link":"https:\/\/quivid.de\/en\/reflexe\/6952\/quivid-kunst-am-bau-kiock-dietrich-reflexe-muenchen-2024-05-2\/","alt":"","author":"10","description":"","caption":"","name":"quivid-kunst-am-bau-kiock-dietrich-reflexe-muenchen-2024-05-2","status":"inherit","uploaded_to":6952,"date":"2024-07-24 13:14:46","modified":"2024-07-24 13:14:46","menu_order":0,"mime_type":"image\/jpeg","type":"image","subtype":"jpeg","icon":"https:\/\/quivid.de\/wp-includes\/images\/media\/default.png","width":1000,"height":750,"sizes":{"thumbnail":"https:\/\/quivid.de\/wp-content\/uploads\/quivid-kunst-am-bau-kiock-dietrich-reflexe-muenchen-2024-05-200x150.jpg","thumbnail-width":200,"thumbnail-height":150,"medium":"https:\/\/quivid.de\/wp-content\/uploads\/quivid-kunst-am-bau-kiock-dietrich-reflexe-muenchen-2024-05.jpg","medium-width":1000,"medium-height":750,"medium_large":"https:\/\/quivid.de\/wp-content\/uploads\/quivid-kunst-am-bau-kiock-dietrich-reflexe-muenchen-2024-05-768x576.jpg","medium_large-width":768,"medium_large-height":576,"large":"https:\/\/quivid.de\/wp-content\/uploads\/quivid-kunst-am-bau-kiock-dietrich-reflexe-muenchen-2024-05.jpg","large-width":1000,"large-height":750,"1536x1536":"https:\/\/quivid.de\/wp-content\/uploads\/quivid-kunst-am-bau-kiock-dietrich-reflexe-muenchen-2024-05.jpg","1536x1536-width":1000,"1536x1536-height":750,"2048x2048":"https:\/\/quivid.de\/wp-content\/uploads\/quivid-kunst-am-bau-kiock-dietrich-reflexe-muenchen-2024-05.jpg","2048x2048-width":1000,"2048x2048-height":750,"alm-thumbnail":"https:\/\/quivid.de\/wp-content\/uploads\/quivid-kunst-am-bau-kiock-dietrich-reflexe-muenchen-2024-05-150x150.jpg","alm-thumbnail-width":150,"alm-thumbnail-height":150,"_2560":"https:\/\/quivid.de\/wp-content\/uploads\/quivid-kunst-am-bau-kiock-dietrich-reflexe-muenchen-2024-05.jpg","_2560-width":1000,"_2560-height":750,"_1920":"https:\/\/quivid.de\/wp-content\/uploads\/quivid-kunst-am-bau-kiock-dietrich-reflexe-muenchen-2024-05.jpg","_1920-width":1000,"_1920-height":750,"_1280":"https:\/\/quivid.de\/wp-content\/uploads\/quivid-kunst-am-bau-kiock-dietrich-reflexe-muenchen-2024-05.jpg","_1280-width":1000,"_1280-height":750,"_1024":"https:\/\/quivid.de\/wp-content\/uploads\/quivid-kunst-am-bau-kiock-dietrich-reflexe-muenchen-2024-05.jpg","_1024-width":1000,"_1024-height":750,"_768":"https:\/\/quivid.de\/wp-content\/uploads\/quivid-kunst-am-bau-kiock-dietrich-reflexe-muenchen-2024-05-768x576.jpg","_768-width":768,"_768-height":576}},{"ID":6964,"id":6964,"title":"quivid-kunst-am-bau-kiock-dietrich-reflexe-muenchen-2024-02","filename":"quivid-kunst-am-bau-kiock-dietrich-reflexe-muenchen-2024-02.jpg","filesize":631670,"url":"https:\/\/quivid.de\/wp-content\/uploads\/quivid-kunst-am-bau-kiock-dietrich-reflexe-muenchen-2024-02.jpg","link":"https:\/\/quivid.de\/en\/reflexe\/6952\/quivid-kunst-am-bau-kiock-dietrich-reflexe-muenchen-2024-02-2\/","alt":"","author":"10","description":"","caption":"","name":"quivid-kunst-am-bau-kiock-dietrich-reflexe-muenchen-2024-02-2","status":"inherit","uploaded_to":6952,"date":"2024-07-24 13:15:59","modified":"2024-07-24 13:15:59","menu_order":0,"mime_type":"image\/jpeg","type":"image","subtype":"jpeg","icon":"https:\/\/quivid.de\/wp-includes\/images\/media\/default.png","width":1000,"height":750,"sizes":{"thumbnail":"https:\/\/quivid.de\/wp-content\/uploads\/quivid-kunst-am-bau-kiock-dietrich-reflexe-muenchen-2024-02-200x150.jpg","thumbnail-width":200,"thumbnail-height":150,"medium":"https:\/\/quivid.de\/wp-content\/uploads\/quivid-kunst-am-bau-kiock-dietrich-reflexe-muenchen-2024-02.jpg","medium-width":1000,"medium-height":750,"medium_large":"https:\/\/quivid.de\/wp-content\/uploads\/quivid-kunst-am-bau-kiock-dietrich-reflexe-muenchen-2024-02-768x576.jpg","medium_large-width":768,"medium_large-height":576,"large":"https:\/\/quivid.de\/wp-content\/uploads\/quivid-kunst-am-bau-kiock-dietrich-reflexe-muenchen-2024-02.jpg","large-width":1000,"large-height":750,"1536x1536":"https:\/\/quivid.de\/wp-content\/uploads\/quivid-kunst-am-bau-kiock-dietrich-reflexe-muenchen-2024-02.jpg","1536x1536-width":1000,"1536x1536-height":750,"2048x2048":"https:\/\/quivid.de\/wp-content\/uploads\/quivid-kunst-am-bau-kiock-dietrich-reflexe-muenchen-2024-02.jpg","2048x2048-width":1000,"2048x2048-height":750,"alm-thumbnail":"https:\/\/quivid.de\/wp-content\/uploads\/quivid-kunst-am-bau-kiock-dietrich-reflexe-muenchen-2024-02-150x150.jpg","alm-thumbnail-width":150,"alm-thumbnail-height":150,"_2560":"https:\/\/quivid.de\/wp-content\/uploads\/quivid-kunst-am-bau-kiock-dietrich-reflexe-muenchen-2024-02.jpg","_2560-width":1000,"_2560-height":750,"_1920":"https:\/\/quivid.de\/wp-content\/uploads\/quivid-kunst-am-bau-kiock-dietrich-reflexe-muenchen-2024-02.jpg","_1920-width":1000,"_1920-height":750,"_1280":"https:\/\/quivid.de\/wp-content\/uploads\/quivid-kunst-am-bau-kiock-dietrich-reflexe-muenchen-2024-02.jpg","_1280-width":1000,"_1280-height":750,"_1024":"https:\/\/quivid.de\/wp-content\/uploads\/quivid-kunst-am-bau-kiock-dietrich-reflexe-muenchen-2024-02.jpg","_1024-width":1000,"_1024-height":750,"_768":"https:\/\/quivid.de\/wp-content\/uploads\/quivid-kunst-am-bau-kiock-dietrich-reflexe-muenchen-2024-02-768x576.jpg","_768-width":768,"_768-height":576}},{"ID":6954,"id":6954,"title":"quivid-kunst-am-bau-kiock-dietrich-reflexe-muenchen-2024-04","filename":"quivid-kunst-am-bau-kiock-dietrich-reflexe-muenchen-2024-04.jpg","filesize":505182,"url":"https:\/\/quivid.de\/wp-content\/uploads\/quivid-kunst-am-bau-kiock-dietrich-reflexe-muenchen-2024-04.jpg","link":"https:\/\/quivid.de\/en\/reflexe\/6952\/quivid-kunst-am-bau-kiock-dietrich-reflexe-muenchen-2024-04-2\/","alt":"","author":"10","description":"","caption":"","name":"quivid-kunst-am-bau-kiock-dietrich-reflexe-muenchen-2024-04-2","status":"inherit","uploaded_to":6952,"date":"2024-07-24 13:12:54","modified":"2024-07-24 13:12:54","menu_order":0,"mime_type":"image\/jpeg","type":"image","subtype":"jpeg","icon":"https:\/\/quivid.de\/wp-includes\/images\/media\/default.png","width":750,"height":1000,"sizes":{"thumbnail":"https:\/\/quivid.de\/wp-content\/uploads\/quivid-kunst-am-bau-kiock-dietrich-reflexe-muenchen-2024-04-200x267.jpg","thumbnail-width":200,"thumbnail-height":267,"medium":"https:\/\/quivid.de\/wp-content\/uploads\/quivid-kunst-am-bau-kiock-dietrich-reflexe-muenchen-2024-04.jpg","medium-width":750,"medium-height":1000,"medium_large":"https:\/\/quivid.de\/wp-content\/uploads\/quivid-kunst-am-bau-kiock-dietrich-reflexe-muenchen-2024-04.jpg","medium_large-width":750,"medium_large-height":1000,"large":"https:\/\/quivid.de\/wp-content\/uploads\/quivid-kunst-am-bau-kiock-dietrich-reflexe-muenchen-2024-04.jpg","large-width":750,"large-height":1000,"1536x1536":"https:\/\/quivid.de\/wp-content\/uploads\/quivid-kunst-am-bau-kiock-dietrich-reflexe-muenchen-2024-04.jpg","1536x1536-width":750,"1536x1536-height":1000,"2048x2048":"https:\/\/quivid.de\/wp-content\/uploads\/quivid-kunst-am-bau-kiock-dietrich-reflexe-muenchen-2024-04.jpg","2048x2048-width":750,"2048x2048-height":1000,"alm-thumbnail":"https:\/\/quivid.de\/wp-content\/uploads\/quivid-kunst-am-bau-kiock-dietrich-reflexe-muenchen-2024-04-150x150.jpg","alm-thumbnail-width":150,"alm-thumbnail-height":150,"_2560":"https:\/\/quivid.de\/wp-content\/uploads\/quivid-kunst-am-bau-kiock-dietrich-reflexe-muenchen-2024-04.jpg","_2560-width":750,"_2560-height":1000,"_1920":"https:\/\/quivid.de\/wp-content\/uploads\/quivid-kunst-am-bau-kiock-dietrich-reflexe-muenchen-2024-04.jpg","_1920-width":750,"_1920-height":1000,"_1280":"https:\/\/quivid.de\/wp-content\/uploads\/quivid-kunst-am-bau-kiock-dietrich-reflexe-muenchen-2024-04.jpg","_1280-width":750,"_1280-height":1000,"_1024":"https:\/\/quivid.de\/wp-content\/uploads\/quivid-kunst-am-bau-kiock-dietrich-reflexe-muenchen-2024-04.jpg","_1024-width":750,"_1024-height":1000,"_768":"https:\/\/quivid.de\/wp-content\/uploads\/quivid-kunst-am-bau-kiock-dietrich-reflexe-muenchen-2024-04.jpg","_768-width":750,"_768-height":1000}},{"ID":6958,"id":6958,"title":"quivid-kunst-am-bau-kiock-dietrich-reflexe-muenchen-2024-01","filename":"quivid-kunst-am-bau-kiock-dietrich-reflexe-muenchen-2024-01.jpg","filesize":380769,"url":"https:\/\/quivid.de\/wp-content\/uploads\/quivid-kunst-am-bau-kiock-dietrich-reflexe-muenchen-2024-01.jpg","link":"https:\/\/quivid.de\/en\/reflexe\/6952\/quivid-kunst-am-bau-kiock-dietrich-reflexe-muenchen-2024-01-2\/","alt":"","author":"10","description":"","caption":"","name":"quivid-kunst-am-bau-kiock-dietrich-reflexe-muenchen-2024-01-2","status":"inherit","uploaded_to":6952,"date":"2024-07-24 13:13:33","modified":"2024-07-24 13:13:33","menu_order":0,"mime_type":"image\/jpeg","type":"image","subtype":"jpeg","icon":"https:\/\/quivid.de\/wp-includes\/images\/media\/default.png","width":750,"height":1000,"sizes":{"thumbnail":"https:\/\/quivid.de\/wp-content\/uploads\/quivid-kunst-am-bau-kiock-dietrich-reflexe-muenchen-2024-01-200x267.jpg","thumbnail-width":200,"thumbnail-height":267,"medium":"https:\/\/quivid.de\/wp-content\/uploads\/quivid-kunst-am-bau-kiock-dietrich-reflexe-muenchen-2024-01.jpg","medium-width":750,"medium-height":1000,"medium_large":"https:\/\/quivid.de\/wp-content\/uploads\/quivid-kunst-am-bau-kiock-dietrich-reflexe-muenchen-2024-01.jpg","medium_large-width":750,"medium_large-height":1000,"large":"https:\/\/quivid.de\/wp-content\/uploads\/quivid-kunst-am-bau-kiock-dietrich-reflexe-muenchen-2024-01.jpg","large-width":750,"large-height":1000,"1536x1536":"https:\/\/quivid.de\/wp-content\/uploads\/quivid-kunst-am-bau-kiock-dietrich-reflexe-muenchen-2024-01.jpg","1536x1536-width":750,"1536x1536-height":1000,"2048x2048":"https:\/\/quivid.de\/wp-content\/uploads\/quivid-kunst-am-bau-kiock-dietrich-reflexe-muenchen-2024-01.jpg","2048x2048-width":750,"2048x2048-height":1000,"alm-thumbnail":"https:\/\/quivid.de\/wp-content\/uploads\/quivid-kunst-am-bau-kiock-dietrich-reflexe-muenchen-2024-01-150x150.jpg","alm-thumbnail-width":150,"alm-thumbnail-height":150,"_2560":"https:\/\/quivid.de\/wp-content\/uploads\/quivid-kunst-am-bau-kiock-dietrich-reflexe-muenchen-2024-01.jpg","_2560-width":750,"_2560-height":1000,"_1920":"https:\/\/quivid.de\/wp-content\/uploads\/quivid-kunst-am-bau-kiock-dietrich-reflexe-muenchen-2024-01.jpg","_1920-width":750,"_1920-height":1000,"_1280":"https:\/\/quivid.de\/wp-content\/uploads\/quivid-kunst-am-bau-kiock-dietrich-reflexe-muenchen-2024-01.jpg","_1280-width":750,"_1280-height":1000,"_1024":"https:\/\/quivid.de\/wp-content\/uploads\/quivid-kunst-am-bau-kiock-dietrich-reflexe-muenchen-2024-01.jpg","_1024-width":750,"_1024-height":1000,"_768":"https:\/\/quivid.de\/wp-content\/uploads\/quivid-kunst-am-bau-kiock-dietrich-reflexe-muenchen-2024-01.jpg","_768-width":750,"_768-height":1000}}],"werk_txt_long":"<p>Wie ein schimmerndes, vielgliedriges Band scheinen die hochreflektierenden Metallstelen die Fassade des Neubaus der Jugendfreizeitst\u00e4tte AWO&#8217;s Fredl entlangzugleiten. Valerie Kiock und Zeno Dietrich haben die Installation \u201eReflexe\u201c f\u00fcr die S\u00fcd- und Ostseite des Geb\u00e4udes an der Bodenseestra\u00dfe konzipiert. Der Neubau markiert den Beginn des weitl\u00e4ufigen \u00f6ffentlichen und stadtteil\u00fcbergreifenden Gr\u00fcnareals, das sich \u00fcber eine parallel zum Geb\u00e4ude verlaufende Promenade erschlie\u00dft. Der L-f\u00f6rmige Grundriss des flachen Bauk\u00f6rpers mit nach zwei Seiten offenem, \u00fcberdachtem Eingangsbereich und einer transparenten T\u00fcr\u00f6ffnung gibt eine direkte Sichtachse in den innenliegenden privaten Gartenbereich frei. Valerie Kiock und Zeno Dietrich griffen diesen Aspekt der Transparenz auf und stellen ihm das Ph\u00e4nomen der Reflexion gegen\u00fcber.<\/p>\n<p>Die serielle Anordnung der exakt f\u00fcnfzehn Zentimeter breiten, raumhohen Elemente steht in Kontrast zu den vielfach gebrochenen Formen, welche die Lichtreflexionen auf dem spiegelnden Metall erzeugen. Die Situation des Umfelds, Fahrzeuge, Wolken und B\u00e4ume bilden ein sich best\u00e4ndig wandelndes Bild, das die klar strukturierte Wand aus terrakottafarbenen Klinkerziegeln rhythmisch durchbricht, ja scheinbar aufl\u00f6st. \u201eDas Fredl ist eine Wirkst\u00e4tte\u201c, meint Valerie Kiock, \u201eso soll auch die Kunst am Bau etwas bewirken\u201c. Und das gelingt: die Einbindung des Tageslichts erzeugt die von den K\u00fcnstler:innen gesuchten Reflexionen, die den Passant:innen und den jungen Besucher:innen des Fredl auf den ersten Blick als Illusion erscheinen m\u00f6gen. Sind die Stelen mit fig\u00fcrlichen Motiven bearbeitet? Sind es \u00d6ffnungen oder Fenster, die den Durchblick hinter die Fassade erlauben?<\/p>\n<p>Innen- und Au\u00dfenraum scheinen sich zu durchdringen und erst beim zweiten Blick nimmt man die Materialit\u00e4t der Stelen wahr, auch das eigene Spiegelbild, das jede Bewegung begleitet. Das Spiel von Transparenz und Reflexion irritiert und \u00fcberrascht, denn auch die Passant:innen werden zu Akteur:innen und bestimmen das Motiv des fl\u00fcchtigen Bildes mit. Das Fredl ist ein Ort der Begegnung, Kinder und Jugendliche treffen sich hier zum Sport, zum Lernen, zum gemeinsamen Spiel. Sie alle betreten das Geb\u00e4ude durch die doppelfl\u00fcgelige Glast\u00fcre \u2013 und sie ist auch das Zentrum, von dem aus die K\u00fcnstler:innen die Reihung der Stahlelemente bestimmten. Der Rhythmus ihrer Abst\u00e4nde ist inspiriert von den kreisf\u00f6rmigen Wellen, die ein Steinwurf im Wasser bildet, hier jedoch ohne einem zu starren Schema zu folgen. Das f\u00fchrt zu unerwarteten Perspektiven f\u00fcr die Betrachtenden und definiert Raum und Umraum immer wieder neu.<\/p>\n<p>Die vielf\u00e4ltigen Aspekte dieses Werks, sein selbstbewusster Dialog mit der Architektur und die spielerische \u00d6ffnung zu Umgebung und Au\u00dfenraum sind inspirierend, ja heiter. \u201eReflexe\u201c ist eine Einladung zu Begegnung und Austausch, f\u00fcr die Nutzer:innen des Fredl, aber auch f\u00fcr die Anwohnenden und Passant:innen auf dem Weg ins Gr\u00fcne.<\/p>\n","werk_txt_context":"<p>Das Kunst-am-Bau-Projekt des Duos Valerie Kiock und Zeno Dietrich entstand f\u00fcr den Neubau der Jugendfreizeitst\u00e4tte AWO&#8217;s Fredl im 22. Stadtbezirk Aubing-Lochhausen-Langwied. Die K\u00fcnstler:innen wurden 2020 im Rahmen eines QUIVID-Wettbewerbs eingeladen, einen Entwurf speziell f\u00fcr den zweigeschossigen, L-f\u00f6rmigen Bauk\u00f6rper an der Bodenseestra\u00dfe zu entwickeln. Ihr Konzept \u201eREFLEXE\u201c wurde von der Kommission f\u00fcr Kunst am Bau und im \u00f6ffentlichen Raum ausgew\u00e4hlt.<\/p>\n","werk_collections":[{"ID":7696,"post_author":"5","post_date":"2025-02-17 18:57:42","post_date_gmt":"2025-02-17 17:57:42","post_content":"","post_title":"QUIVID-Review #2","post_excerpt":"","post_status":"publish","comment_status":"closed","ping_status":"closed","post_password":"","post_name":"quivid-review-2","to_ping":"","pinged":"","post_modified":"2025-04-29 15:58:58","post_modified_gmt":"2025-04-29 13:58:58","post_content_filtered":"","post_parent":0,"guid":"https:\/\/quivid.de\/?post_type=collection&#038;p=7696","menu_order":11,"post_type":"collection","post_mime_type":"","comment_count":"0","filter":"raw"},{"ID":7699,"post_author":"5","post_date":"2023-05-08 13:28:18","post_date_gmt":"2023-05-08 11:28:18","post_content":"","post_title":"Last realized","post_excerpt":"","post_status":"publish","comment_status":"closed","ping_status":"closed","post_password":"","post_name":"zuletzt-realisiert","to_ping":"","pinged":"","post_modified":"2025-04-28 16:19:34","post_modified_gmt":"2025-04-28 14:19:34","post_content_filtered":"","post_parent":0,"guid":"https:\/\/quivid.de\/collection\/zuletzt-realisiert\/","menu_order":1,"post_type":"collection","post_mime_type":"","comment_count":"0","filter":"raw"}],"werk_sort_data_artists":"Valerie Kiock und Zeno Dietrich","werk_sort_data_district":"Aubing-Lochhausen-Langwied","werk_sort_data_year":"2024","werk_sort_data_access":"\u00f6ffentlich zug\u00e4nglich","werk_sort_data_category":"Fassadengestaltung"},"featured_image_src_1280":"https:\/\/quivid.de\/wp-content\/uploads\/quivid-kunst-am-bau-kiock-dietrich-reflexe-muenchen-2024-04.jpg","featured_image_src_768":"https:\/\/quivid.de\/wp-content\/uploads\/quivid-kunst-am-bau-kiock-dietrich-reflexe-muenchen-2024-04.jpg","artists":[{"name":"Valerie Kiock und Zeno Dietrich","url":"https:\/\/quivid.de\/en\/artist\/valerie-kiock-und-zeno-dietrich\/"}],"tax_category":"Fassadengestaltung","tax_access":"\u00f6ffentlich zug\u00e4nglich","tax_district":"Aubing-Lochhausen-Langwied","tax_year":2024,"_links":{"self":[{"href":"https:\/\/quivid.de\/en\/wp-json\/wp\/v2\/posts\/6952","targetHints":{"allow":["GET"]}}],"collection":[{"href":"https:\/\/quivid.de\/en\/wp-json\/wp\/v2\/posts"}],"about":[{"href":"https:\/\/quivid.de\/en\/wp-json\/wp\/v2\/types\/post"}],"author":[{"embeddable":true,"href":"https:\/\/quivid.de\/en\/wp-json\/wp\/v2\/users\/10"}],"replies":[{"embeddable":true,"href":"https:\/\/quivid.de\/en\/wp-json\/wp\/v2\/comments?post=6952"}],"version-history":[{"count":7,"href":"https:\/\/quivid.de\/en\/wp-json\/wp\/v2\/posts\/6952\/revisions"}],"predecessor-version":[{"id":7742,"href":"https:\/\/quivid.de\/en\/wp-json\/wp\/v2\/posts\/6952\/revisions\/7742"}],"acf:attachment":[{"embeddable":true,"href":"https:\/\/quivid.de\/en\/wp-json\/wp\/v2\/media\/6958"},{"embeddable":true,"href":"https:\/\/quivid.de\/en\/wp-json\/wp\/v2\/media\/6954"},{"embeddable":true,"href":"https:\/\/quivid.de\/en\/wp-json\/wp\/v2\/media\/6964"},{"embeddable":true,"href":"https:\/\/quivid.de\/en\/wp-json\/wp\/v2\/media\/6962"},{"embeddable":true,"href":"https:\/\/quivid.de\/en\/wp-json\/wp\/v2\/media\/6967"}],"acf:post":[{"embeddable":true,"href":"https:\/\/quivid.de\/en\/wp-json\/wp\/v2\/artist\/6951"}],"wp:featuredmedia":[{"embeddable":true,"href":"https:\/\/quivid.de\/en\/wp-json\/wp\/v2\/media\/6953"}],"wp:attachment":[{"href":"https:\/\/quivid.de\/en\/wp-json\/wp\/v2\/media?parent=6952"}],"wp:term":[{"taxonomy":"category","embeddable":true,"href":"https:\/\/quivid.de\/en\/wp-json\/wp\/v2\/categories?post=6952"},{"taxonomy":"district","embeddable":true,"href":"https:\/\/quivid.de\/en\/wp-json\/wp\/v2\/district?post=6952"},{"taxonomy":"access","embeddable":true,"href":"https:\/\/quivid.de\/en\/wp-json\/wp\/v2\/access?post=6952"},{"taxonomy":"accessibility","embeddable":true,"href":"https:\/\/quivid.de\/en\/wp-json\/wp\/v2\/accessibility?post=6952"},{"taxonomy":"space","embeddable":true,"href":"https:\/\/quivid.de\/en\/wp-json\/wp\/v2\/space?post=6952"},{"taxonomy":"year","embeddable":true,"href":"https:\/\/quivid.de\/en\/wp-json\/wp\/v2\/year?post=6952"},{"taxonomy":"gender","embeddable":true,"href":"https:\/\/quivid.de\/en\/wp-json\/wp\/v2\/gender?post=6952"}],"curies":[{"name":"wp","href":"https:\/\/api.w.org\/{rel}","templated":true}]}}