{"id":6440,"date":"2023-12-20T10:53:03","date_gmt":"2023-12-20T09:53:03","guid":{"rendered":"https:\/\/quivid.de\/?p=6440"},"modified":"2024-05-17T10:43:01","modified_gmt":"2024-05-17T08:43:01","slug":"inscribe","status":"publish","type":"post","link":"https:\/\/quivid.de\/en\/inscribe\/6440\/","title":{"rendered":"Inscribe"},"content":{"rendered":"","protected":false},"excerpt":{"rendered":"","protected":false},"author":10,"featured_media":6490,"comment_status":"open","ping_status":"open","sticky":false,"template":"","format":"standard","meta":{"_acf_changed":false,"inline_featured_image":false,"footnotes":""},"categories":[134],"district":[135],"access":[193],"accessibility":[131],"space":[132],"year":[246],"gender":[137],"class_list":["post-6440","post","type-post","status-publish","format-standard","has-post-thumbnail","hentry","category-fassadengestaltung","district-pasing-obermenzing","access-oeffentlich-zugaenglich","accessibility-barrierefrei-zugaenglich","space-aussenraum","year-246","gender-w"],"link_en":"https:\/\/quivid.de\/en\/\/en\/inscribe\/6440","acf":{"werk_qv_id":"","werk_artist":[{"werk_artist_name":"Buchheister","werk_artist_surname":"Anja","werk_artist_gender":"w"}],"werk_artists":[{"ID":6442,"post_author":"10","post_date":"2023-12-20 10:26:39","post_date_gmt":"2023-12-20 09:26:39","post_content":"Anja Buchheisters Arbeiten siedeln an der Grenze von Zweidimensionalit\u00e4t und Dreidimensionalit\u00e4t. Sie arbeitet mit Fotografie, Linienzeichnung, Schriftbildern sowie Techniken des Ausschneidens und Faltens. Aus ihrem Abbildungsarchiv sch\u00f6pft sie Elemente f\u00fcr Cut Out-Objekte und raumgreifende Installationen, in denen surrealabstrahierte Umdeutungen abgebildeter Realit\u00e4ten Spannungsfelder erzeugen. Basis ist die konzeptuelle Auseinandersetzung mit Paradigmen von Wirklichkeitserfahrung, Raumwahrnehmung und Raumdarstellung.\r\n\r\nAnja Buchheister (*1978 in Wolfenb\u00fcttel) lebt und arbeitet in Tipperary\/Irland. Von 2004 bis 2011 studierte sie Bildhauerei an der Akademie der Bildenden K\u00fcnste in M\u00fcnchen und war Meistersch\u00fclerin von Professor Stephan Huber. Davor schloss sie ein Kommunikationsdesign-Studium in Mannheim ab. Sie erhielt diverse F\u00f6rderungen und Preise f\u00fcr ihre Arbeit, darunter 2016 das K\u00fcnstlerstipendium der Emsl\u00e4ndischen Landschaft, 2013 den F\u00f6rderpreis Bildende Kunst der Stadt M\u00fcnchen und 2012 den Deb\u00fctantenpreis der GEDOK und des Bayerischen Staatsministeriums f\u00fcr Wissenschaft, Forschung und Kunst.\r\n\r\nGezeigt wurden ihre Arbeiten unter anderem im Kunsthaus N\u00fcrnberg (2018), in der Artothek M\u00fcnchen (2020), der\r\nGalerie Karin Wimmer\/M\u00fcnchen (2017), der St\u00e4dtischen Galerie Papenburg (2016), im Kunstverein Grafschaft\r\nBentheim (2016) und der Galerie Esther Donatz\/M\u00fcnchen (2015).\r\n\r\n<a href=\"https:\/\/www.anjabuchheister.com\/\" target=\"_blank\" rel=\"noopener\">www.anjabuchheister.com<\/a>","post_title":"Anja Buchheister","post_excerpt":"","post_status":"publish","comment_status":"closed","ping_status":"closed","post_password":"","post_name":"anja-buchheister","to_ping":"","pinged":"","post_modified":"2024-01-08 16:44:55","post_modified_gmt":"2024-01-08 15:44:55","post_content_filtered":"","post_parent":0,"guid":"https:\/\/quivid.de\/?post_type=artist&#038;p=6442","menu_order":30,"post_type":"artist","post_mime_type":"","comment_count":"0","filter":"raw"}],"werk_location_district":"Pasing-Obermenzing","werk_location_address":"Haus f\u00fcr Kinder in der Von-Frays-Stra\u00dfe 52, 81245 M\u00fcnchen","werk_location_longitude":"48.1542191818055","werk_location_latitude":"11.4759332541427","werk_material":"7 pulverbeschichtete Metall-Cut-Outs, 8,1 x 3,3 m","werk_technical_data":"","werk_technical_data_en":"","werk_client":"Landeshauptstadt M\u00fcnchen, Baureferat","werk_visibility":true,"werk_map":false,"werk_parts":"","werk_institution":"Haus f\u00fcr Kinder in der Von-Frays-Stra\u00dfe","werk_architect":"Zwischenr\u00e4ume Architekten+Stadtplaner, M\u00fcnchen","werk_architect_landscape":"Lohrer Hochrein Landschaftsarchitekten und Stadtplaner, M\u00fcnchen","werk_photograph":"Peter Schinzler","werk_author":"Julia Anna Wittmann","werk_txt_long_en":"<p>Around the age of one year, children begin to draw, paint, and scribble. It starts with single, random lines that develop into circles and wild zigzags. Around the age of three, the first recognizable constructs appear in children\u2019s drawings, leaving viewers to wonder what the image is supposed to be. The crazy zigzags say nothing specific, yet at the same time they speak a universal language that all children understand.<\/p>\n<p>The Ireland-based artist Anja Buchheister takes this childlike sign language as the starting point for her colorful installation on the fa\u00e7ade of the newly built Haus f\u00fcr Kinder (House for Children) on Von Frays Strasse. Romping about are red, blue, yellow, and green figures, fluctuating between image and text, framed by the roof of green leaves provided by the neighboring trees above the entrance to the center.<\/p>\n<p>Inscribe is based on an intensive exchange with children from the existing daycare center across the way. Although the children from this center on Paul Gerhardt Allee lost half of their garden to the new building, they have gained new neighbors and playmates. In preparation for Inscribe, eight children of varied ages were invited to draw \u201cwelcome\u201d pictures. Together with the artist, the children spent an afternoon thinking about what the construction site in their garden meant and how the new children could be greeted.<\/p>\n<p>Out of the treasure trove of children\u2019s drawings done that day, the artist extracted seven fragments, which she traced over and re-arranged. The drawing that resulted was enlarged a great deal, turned into a metal application in bright, vibrant colors, and affixed to the wooden fa\u00e7ade of the House for Children. What were formerly two-dimensional drawings now stand out as a sculptural contrast against the wooden boards below them and, at the same time, clarify the building\u2019s function at first glance.<\/p>\n<p>For Inscribe, the artist composed a welcoming greeting that fans out across the front fa\u00e7ade so that both big and little people can enjoy.<\/p>\n","werk_img":[{"ID":6487,"id":6487,"title":"Buchheister 1","filename":"buchheister-1.jpg","filesize":439403,"url":"https:\/\/quivid.de\/wp-content\/uploads\/buchheister-1.jpg","link":"https:\/\/quivid.de\/en\/inscribe\/6440\/buchheister-1-2\/","alt":"","author":"10","description":"","caption":"","name":"buchheister-1-2","status":"inherit","uploaded_to":6440,"date":"2024-01-10 15:10:14","modified":"2024-01-10 15:10:14","menu_order":0,"mime_type":"image\/jpeg","type":"image","subtype":"jpeg","icon":"https:\/\/quivid.de\/wp-includes\/images\/media\/default.png","width":1280,"height":853,"sizes":{"thumbnail":"https:\/\/quivid.de\/wp-content\/uploads\/buchheister-1.jpg","thumbnail-width":200,"thumbnail-height":133,"medium":"https:\/\/quivid.de\/wp-content\/uploads\/buchheister-1.jpg","medium-width":1280,"medium-height":853,"medium_large":"https:\/\/quivid.de\/wp-content\/uploads\/buchheister-1.jpg","medium_large-width":768,"medium_large-height":512,"large":"https:\/\/quivid.de\/wp-content\/uploads\/buchheister-1.jpg","large-width":1280,"large-height":853,"1536x1536":"https:\/\/quivid.de\/wp-content\/uploads\/buchheister-1.jpg","1536x1536-width":1280,"1536x1536-height":853,"2048x2048":"https:\/\/quivid.de\/wp-content\/uploads\/buchheister-1.jpg","2048x2048-width":1280,"2048x2048-height":853,"alm-thumbnail":"https:\/\/quivid.de\/wp-content\/uploads\/buchheister-1.jpg","alm-thumbnail-width":150,"alm-thumbnail-height":100,"_2560":"https:\/\/quivid.de\/wp-content\/uploads\/buchheister-1.jpg","_2560-width":1280,"_2560-height":853,"_1920":"https:\/\/quivid.de\/wp-content\/uploads\/buchheister-1.jpg","_1920-width":1280,"_1920-height":853,"_1280":"https:\/\/quivid.de\/wp-content\/uploads\/buchheister-1.jpg","_1280-width":1280,"_1280-height":853,"_1024":"https:\/\/quivid.de\/wp-content\/uploads\/buchheister-1.jpg","_1024-width":1024,"_1024-height":682,"_768":"https:\/\/quivid.de\/wp-content\/uploads\/buchheister-1.jpg","_768-width":768,"_768-height":512}},{"ID":6491,"id":6491,"title":"Buchheister 3","filename":"buchheister-3.jpg","filesize":475450,"url":"https:\/\/quivid.de\/wp-content\/uploads\/buchheister-3.jpg","link":"https:\/\/quivid.de\/en\/inscribe\/6440\/buchheister-3-2\/","alt":"","author":"10","description":"","caption":"","name":"buchheister-3-2","status":"inherit","uploaded_to":6440,"date":"2024-01-10 15:10:18","modified":"2024-01-10 15:10:18","menu_order":0,"mime_type":"image\/jpeg","type":"image","subtype":"jpeg","icon":"https:\/\/quivid.de\/wp-includes\/images\/media\/default.png","width":1280,"height":853,"sizes":{"thumbnail":"https:\/\/quivid.de\/wp-content\/uploads\/buchheister-3.jpg","thumbnail-width":200,"thumbnail-height":133,"medium":"https:\/\/quivid.de\/wp-content\/uploads\/buchheister-3.jpg","medium-width":1280,"medium-height":853,"medium_large":"https:\/\/quivid.de\/wp-content\/uploads\/buchheister-3.jpg","medium_large-width":768,"medium_large-height":512,"large":"https:\/\/quivid.de\/wp-content\/uploads\/buchheister-3.jpg","large-width":1280,"large-height":853,"1536x1536":"https:\/\/quivid.de\/wp-content\/uploads\/buchheister-3.jpg","1536x1536-width":1280,"1536x1536-height":853,"2048x2048":"https:\/\/quivid.de\/wp-content\/uploads\/buchheister-3.jpg","2048x2048-width":1280,"2048x2048-height":853,"alm-thumbnail":"https:\/\/quivid.de\/wp-content\/uploads\/buchheister-3.jpg","alm-thumbnail-width":150,"alm-thumbnail-height":100,"_2560":"https:\/\/quivid.de\/wp-content\/uploads\/buchheister-3.jpg","_2560-width":1280,"_2560-height":853,"_1920":"https:\/\/quivid.de\/wp-content\/uploads\/buchheister-3.jpg","_1920-width":1280,"_1920-height":853,"_1280":"https:\/\/quivid.de\/wp-content\/uploads\/buchheister-3.jpg","_1280-width":1280,"_1280-height":853,"_1024":"https:\/\/quivid.de\/wp-content\/uploads\/buchheister-3.jpg","_1024-width":1024,"_1024-height":682,"_768":"https:\/\/quivid.de\/wp-content\/uploads\/buchheister-3.jpg","_768-width":768,"_768-height":512}},{"ID":6489,"id":6489,"title":"Buchheister 2","filename":"buchheister-2.jpg","filesize":441573,"url":"https:\/\/quivid.de\/wp-content\/uploads\/buchheister-2.jpg","link":"https:\/\/quivid.de\/en\/inscribe\/6440\/buchheister-2-2\/","alt":"","author":"10","description":"","caption":"","name":"buchheister-2-2","status":"inherit","uploaded_to":6440,"date":"2024-01-10 15:10:16","modified":"2024-01-10 15:10:16","menu_order":0,"mime_type":"image\/jpeg","type":"image","subtype":"jpeg","icon":"https:\/\/quivid.de\/wp-includes\/images\/media\/default.png","width":1280,"height":853,"sizes":{"thumbnail":"https:\/\/quivid.de\/wp-content\/uploads\/buchheister-2.jpg","thumbnail-width":200,"thumbnail-height":133,"medium":"https:\/\/quivid.de\/wp-content\/uploads\/buchheister-2.jpg","medium-width":1280,"medium-height":853,"medium_large":"https:\/\/quivid.de\/wp-content\/uploads\/buchheister-2.jpg","medium_large-width":768,"medium_large-height":512,"large":"https:\/\/quivid.de\/wp-content\/uploads\/buchheister-2.jpg","large-width":1280,"large-height":853,"1536x1536":"https:\/\/quivid.de\/wp-content\/uploads\/buchheister-2.jpg","1536x1536-width":1280,"1536x1536-height":853,"2048x2048":"https:\/\/quivid.de\/wp-content\/uploads\/buchheister-2.jpg","2048x2048-width":1280,"2048x2048-height":853,"alm-thumbnail":"https:\/\/quivid.de\/wp-content\/uploads\/buchheister-2.jpg","alm-thumbnail-width":150,"alm-thumbnail-height":100,"_2560":"https:\/\/quivid.de\/wp-content\/uploads\/buchheister-2.jpg","_2560-width":1280,"_2560-height":853,"_1920":"https:\/\/quivid.de\/wp-content\/uploads\/buchheister-2.jpg","_1920-width":1280,"_1920-height":853,"_1280":"https:\/\/quivid.de\/wp-content\/uploads\/buchheister-2.jpg","_1280-width":1280,"_1280-height":853,"_1024":"https:\/\/quivid.de\/wp-content\/uploads\/buchheister-2.jpg","_1024-width":1024,"_1024-height":682,"_768":"https:\/\/quivid.de\/wp-content\/uploads\/buchheister-2.jpg","_768-width":768,"_768-height":512}}],"werk_txt_long":"<p>Ungef\u00e4hr ab einem Lebensalter von einem Jahr beginnen Kinder zu zeichnen, zu malen und zu kritzeln. Es beginnt mit einzelnen wahllosen Strichen, die sich in Kreise und wildes Zickzack weiterentwickeln. Ungef\u00e4hr ab dem dritten Lebensjahr entstehen die ersten erkennbaren Gebilde in den Kinderzeichnungen, die ihre Betrachter:innen dar\u00fcber r\u00e4tseln lassen, was das Abgebildete wohl zu bedeuten hat. Die wilden Kritzeleien sagen nichts spezifisches aus und sprechen dabei doch eine universelle Sprache, die von allen Kindern verstanden wird.<\/p>\n<p>Die in Irland lebende K\u00fcnstlerin Anja Buchheister nimmt diese kindliche Zeichensprache als Ausgangspunkt f\u00fcr ihre bunte Fassadeninstallation an dem neu gebauten Haus f\u00fcr Kinder an der Von-Frays-Stra\u00dfe. Rote, blaue, gelbe und gr\u00fcne Gestalten, die zwischen Bild und Schrift oszillieren, tummeln sich, gerahmt von dem gr\u00fcnen Bl\u00e4tterdach der angrenzenden B\u00e4ume, \u00fcber dem Eingangsbereich der Einrichtung.<\/p>\n<p>\u201eInscribe\u201d wurde basierend auf einem intensiven Austausch mit Kindern aus der gegen\u00fcberliegenden, bereits bestehenden Kindertagesst\u00e4tte entwickelt. Die Kinder dieses Hauses an der Paul-Gerhardt-Allee haben durch den Neubau einer zweiten Einrichtung zwar die H\u00e4lfte ihres Gartens verloren, aber gleichzeitig neue Nachbar:innen und Spielkamerad:innen gewonnen. Acht Kinder unterschiedlichen Alters waren in Vorbereitung zu \u201eInscribe\u201d dazu eingeladen, Willkommensbilder zu zeichnen. Zusammen mit der K\u00fcnstlerin \u00fcberlegten die Kinder einen Nachmittag lang, was die Baustelle in ihrem Garten bedeutet und wie die neuen Kinder begr\u00fc\u00dft werden k\u00f6nnten.<\/p>\n<p>Aus dem Sammelsurium der dabei entstandenen Kinderzeichnungen extrahierte die K\u00fcnstlerin anschlie\u00dfend sieben Fragmente, die sie nachzeichnete und neu anordnete. Die daraus entstandenen Zeichnungen wurde stark vergr\u00f6\u00dfert als Metallapplikationen in hellen, kr\u00e4ftigen Farben an die h\u00f6lzerne Fassade des Hauses f\u00fcr Kinder angebracht. Die ehemals zweidimensionalen Zeichnungen heben sich nun skulptural und kontrastreich von den darunterliegenden Holzstreben ab und verdeutlichen zugleich auf den ersten Blick die Funktion des Geb\u00e4udes.<\/p>\n<p>Die K\u00fcnstlerin komponiert mit der Fassadeninstallation \u201eInscribe\u201d einen sich auff\u00e4chernden und einladenden Willkommensgru\u00df an der Frontfassade, an dem sich Klein und Gro\u00df erfreuen k\u00f6nnen.<\/p>\n","werk_txt_context":"<p>Die Arbeit \u201eInscribe&#8221; von Anja Buchheister entstand f\u00fcr den Neubau des Hauses f\u00fcr Kinder mit drei Kindergarten- und drei Krippengruppen in der Von-Frays-Stra\u00dfe 52 im 21. Stadtbezirk Pasing-Obermenzing. Es handelt sich dabei um ein Projekt der Ausbauoffensive Kindertagesst\u00e4tten.<\/p>\n","werk_collections":[{"ID":7678,"post_author":"5","post_date":"2024-06-19 09:58:13","post_date_gmt":"2024-06-19 07:58:13","post_content":"","post_title":"QUIVID-Review #1","post_excerpt":"","post_status":"publish","comment_status":"closed","ping_status":"closed","post_password":"","post_name":"review-1","to_ping":"","pinged":"","post_modified":"2025-04-29 14:29:38","post_modified_gmt":"2025-04-29 12:29:38","post_content_filtered":"","post_parent":0,"guid":"https:\/\/quivid.de\/collection\/review-1\/","menu_order":9,"post_type":"collection","post_mime_type":"","comment_count":"0","filter":"raw"},{"ID":7699,"post_author":"5","post_date":"2023-05-08 13:28:18","post_date_gmt":"2023-05-08 11:28:18","post_content":"","post_title":"Last realized","post_excerpt":"","post_status":"publish","comment_status":"closed","ping_status":"closed","post_password":"","post_name":"zuletzt-realisiert","to_ping":"","pinged":"","post_modified":"2025-04-28 16:19:34","post_modified_gmt":"2025-04-28 14:19:34","post_content_filtered":"","post_parent":0,"guid":"https:\/\/quivid.de\/collection\/zuletzt-realisiert\/","menu_order":1,"post_type":"collection","post_mime_type":"","comment_count":"0","filter":"raw"}],"werk_sort_data_artists":"Anja Buchheister","werk_sort_data_district":"Pasing-Obermenzing","werk_sort_data_year":"2023","werk_sort_data_access":"\u00f6ffentlich zug\u00e4nglich","werk_sort_data_category":"Fassadengestaltung"},"featured_image_src_1280":"https:\/\/quivid.de\/wp-content\/uploads\/buchheister-3.jpg","featured_image_src_768":"https:\/\/quivid.de\/wp-content\/uploads\/buchheister-3.jpg","artists":[{"name":"Anja Buchheister","url":"https:\/\/quivid.de\/en\/artist\/anja-buchheister\/"}],"tax_category":"Fassadengestaltung","tax_access":"\u00f6ffentlich zug\u00e4nglich","tax_district":"Pasing-Obermenzing","tax_year":2023,"_links":{"self":[{"href":"https:\/\/quivid.de\/en\/wp-json\/wp\/v2\/posts\/6440","targetHints":{"allow":["GET"]}}],"collection":[{"href":"https:\/\/quivid.de\/en\/wp-json\/wp\/v2\/posts"}],"about":[{"href":"https:\/\/quivid.de\/en\/wp-json\/wp\/v2\/types\/post"}],"author":[{"embeddable":true,"href":"https:\/\/quivid.de\/en\/wp-json\/wp\/v2\/users\/10"}],"replies":[{"embeddable":true,"href":"https:\/\/quivid.de\/en\/wp-json\/wp\/v2\/comments?post=6440"}],"version-history":[{"count":6,"href":"https:\/\/quivid.de\/en\/wp-json\/wp\/v2\/posts\/6440\/revisions"}],"predecessor-version":[{"id":6772,"href":"https:\/\/quivid.de\/en\/wp-json\/wp\/v2\/posts\/6440\/revisions\/6772"}],"acf:attachment":[{"embeddable":true,"href":"https:\/\/quivid.de\/en\/wp-json\/wp\/v2\/media\/6489"},{"embeddable":true,"href":"https:\/\/quivid.de\/en\/wp-json\/wp\/v2\/media\/6491"},{"embeddable":true,"href":"https:\/\/quivid.de\/en\/wp-json\/wp\/v2\/media\/6487"}],"acf:post":[{"embeddable":true,"href":"https:\/\/quivid.de\/en\/wp-json\/wp\/v2\/artist\/6442"}],"wp:featuredmedia":[{"embeddable":true,"href":"https:\/\/quivid.de\/en\/wp-json\/wp\/v2\/media\/6490"}],"wp:attachment":[{"href":"https:\/\/quivid.de\/en\/wp-json\/wp\/v2\/media?parent=6440"}],"wp:term":[{"taxonomy":"category","embeddable":true,"href":"https:\/\/quivid.de\/en\/wp-json\/wp\/v2\/categories?post=6440"},{"taxonomy":"district","embeddable":true,"href":"https:\/\/quivid.de\/en\/wp-json\/wp\/v2\/district?post=6440"},{"taxonomy":"access","embeddable":true,"href":"https:\/\/quivid.de\/en\/wp-json\/wp\/v2\/access?post=6440"},{"taxonomy":"accessibility","embeddable":true,"href":"https:\/\/quivid.de\/en\/wp-json\/wp\/v2\/accessibility?post=6440"},{"taxonomy":"space","embeddable":true,"href":"https:\/\/quivid.de\/en\/wp-json\/wp\/v2\/space?post=6440"},{"taxonomy":"year","embeddable":true,"href":"https:\/\/quivid.de\/en\/wp-json\/wp\/v2\/year?post=6440"},{"taxonomy":"gender","embeddable":true,"href":"https:\/\/quivid.de\/en\/wp-json\/wp\/v2\/gender?post=6440"}],"curies":[{"name":"wp","href":"https:\/\/api.w.org\/{rel}","templated":true}]}}