{"id":3419,"date":"2022-08-24T11:16:18","date_gmt":"2022-08-24T09:16:18","guid":{"rendered":"https:\/\/quivid.de\/?p=3419"},"modified":"2024-11-06T13:55:40","modified_gmt":"2024-11-06T12:55:40","slug":"look","status":"publish","type":"post","link":"https:\/\/quivid.de\/en\/look\/3419\/","title":{"rendered":"LOOK!"},"content":{"rendered":"","protected":false},"excerpt":{"rendered":"","protected":false},"author":5,"featured_media":3420,"comment_status":"open","ping_status":"open","sticky":false,"template":"","format":"standard","meta":{"_acf_changed":false,"inline_featured_image":false,"footnotes":""},"categories":[138],"district":[135],"access":[193],"accessibility":[131],"space":[132],"year":[226],"gender":[133],"class_list":["post-3419","post","type-post","status-publish","format-standard","has-post-thumbnail","hentry","category-skulptur-plastik","district-pasing-obermenzing","access-oeffentlich-zugaenglich","accessibility-barrierefrei-zugaenglich","space-aussenraum","year-226","gender-m"],"link_en":"https:\/\/quivid.de\/en\/\/en\/look\/3419","acf":{"werk_qv_id":"309","werk_artist":[{"werk_artist_name":"Almquist","werk_artist_surname":"Justin","werk_artist_gender":""}],"werk_artists":[{"ID":3418,"post_author":"5","post_date":"2022-08-24 10:37:04","post_date_gmt":"2022-08-24 08:37:04","post_content":"*1976 in Minneapolis, Minnesota, USA\r\n1998 BFA, Pratt Institute, Brooklyn, New York\r\n2010 MFA, Akademie der Bildenden K\u00fcnste, M\u00fcnchen, Professor Markus Oehlen\r\n\r\nPreise und Stipendien (Auswahl)\r\n\r\n2016 Hans Platschek Preis fu\u0308r Kunst und Schrift, Karlsruhe\r\n2014 Bayerisches USA Stipendium\r\n2013 Bayerischer Kunstf\u00f6rderpreis Bildende Kunst\r\n\r\nEinzel- und Gruppenausstellungen (Auswahl)\r\n\r\n2021 Markus Oehlen &amp; Meistersch\u00fcler, Galerie Noah, Augsburg\r\n2020 Seltene Gew\u00e4chse, Belle Parais, M\u00fcnchen\r\n2017 Inter-View, ANMO Art, Du\u0308sseldorf 2015 I don\u2019t have any sunglasses with me otherwise I would put them on, Galerie Deborah Schamoni, Munich\r\n2014 Justin Almquist, England &amp; Co Gallery, London\r\n2012 Work, Galerie Crone, Berlin\r\n\r\n<a href=\"http:\/\/www.justinalmquist.com\" target=\"_blank\" rel=\"noopener\">www.justinalmquist.com<\/a>","post_title":"Justin Almquist","post_excerpt":"","post_status":"publish","comment_status":"closed","ping_status":"closed","post_password":"","post_name":"justin-almquist","to_ping":"","pinged":"","post_modified":"2023-04-21 15:29:13","post_modified_gmt":"2023-04-21 13:29:13","post_content_filtered":"","post_parent":0,"guid":"https:\/\/quivid.de\/?post_type=artist&#038;p=3418","menu_order":68,"post_type":"artist","post_mime_type":"","comment_count":"0","filter":"raw"}],"werk_location_district":"Pasing-Obermenzing","werk_location_address":"Haus f\u00fcr Kinder und Offene Einrichtung f\u00fcr Teenies und Jugendliche, Erna-Eckstein-Stra\u00dfe 22-24, 81245 M\u00fcnchen","werk_location_longitude":"48.1490043231188","werk_location_latitude":"11.4766467423281","werk_material":"Lackierter Stahl und Aluminium","werk_technical_data":"5  x 2,5  x 1,25 m","werk_technical_data_en":"","werk_client":"LH M\u00fcnchen, Baureferat","werk_year":"2021","werk_visibility":true,"werk_map":true,"werk_parts":"","werk_institution":"Haus f\u00fcr Kinder und Offene Einrichtung f\u00fcr Teenies und Jugendliche","werk_architect":"Kaufmann Architekten, M\u00fcnchen","werk_architect_landscape":"Roos Landschaftsarchitekten, M\u00fcnchen","werk_photograph":"Florian Holzherr","werk_author":"Bernhart Schwenk","werk_img":[{"ID":5462,"id":5462,"title":"QUIV~V!N","filename":"quivvn.jpg","filesize":718301,"url":"https:\/\/quivid.de\/wp-content\/uploads\/quivvn.jpg","link":"https:\/\/quivid.de\/en\/look\/3419\/quivvn-2\/","alt":"","author":"5","description":"","caption":"","name":"quivvn-2","status":"inherit","uploaded_to":3419,"date":"2022-08-24 09:10:28","modified":"2022-08-24 09:10:28","menu_order":0,"mime_type":"image\/jpeg","type":"image","subtype":"jpeg","icon":"https:\/\/quivid.de\/wp-includes\/images\/media\/default.png","width":1000,"height":1499,"sizes":{"thumbnail":"https:\/\/quivid.de\/wp-content\/uploads\/quivvn.jpg","thumbnail-width":200,"thumbnail-height":300,"medium":"https:\/\/quivid.de\/wp-content\/uploads\/quivvn.jpg","medium-width":854,"medium-height":1280,"medium_large":"https:\/\/quivid.de\/wp-content\/uploads\/quivvn.jpg","medium_large-width":768,"medium_large-height":1151,"large":"https:\/\/quivid.de\/wp-content\/uploads\/quivvn.jpg","large-width":1000,"large-height":1499,"1536x1536":"https:\/\/quivid.de\/wp-content\/uploads\/quivvn.jpg","1536x1536-width":1000,"1536x1536-height":1499,"2048x2048":"https:\/\/quivid.de\/wp-content\/uploads\/quivvn.jpg","2048x2048-width":1000,"2048x2048-height":1499,"alm-thumbnail":"https:\/\/quivid.de\/wp-content\/uploads\/quivvn.jpg","alm-thumbnail-width":100,"alm-thumbnail-height":150,"_2560":"https:\/\/quivid.de\/wp-content\/uploads\/quivvn.jpg","_2560-width":1000,"_2560-height":1499,"_1920":"https:\/\/quivid.de\/wp-content\/uploads\/quivvn.jpg","_1920-width":1000,"_1920-height":1499,"_1280":"https:\/\/quivid.de\/wp-content\/uploads\/quivvn.jpg","_1280-width":1000,"_1280-height":1499,"_1024":"https:\/\/quivid.de\/wp-content\/uploads\/quivvn.jpg","_1024-width":1000,"_1024-height":1499,"_768":"https:\/\/quivid.de\/wp-content\/uploads\/quivvn.jpg","_768-width":768,"_768-height":1151}}],"werk_txt_long":"<p>Wer kennt sie nicht aus den Road Movies im Kino oder von Autofahrten durch die Weite Amerikas: die gro\u00dfen, bei Dunkelheit beleuchteten Billboards an den Landstra\u00dfen und die auff\u00e4llig gestalteten Signets und Werbefiguren auf Hoteld\u00e4chern oder Tankstellen. Manchmal blinkend oder sich drehend, stammen diese Aufbauten noch aus der Zeit ohne Internet und LED-Technologie und geh\u00f6ren damit zum eher klassischen Repertoire der Au\u00dfenreklame. An solche \u201eRooftop Signs\u201c erinnert auch das gro\u00dfe stilisierte Augenpaar auf dem Dach des Kinderhauses. Das Motiv greift die Comic\u00e4sthetik auf, wo riesige wei\u00dfe Augen mit winzigen schwarzen Pupillen zumeist neugierige oder erstaunte Momente markieren und gleichzeitig Emotionen ausl\u00f6sen. Dieser anr\u00fchrende Eindruck wird durch ein propellerartiges, buntes Windrad verst\u00e4rkt, das sich \u00fcber dem Augenpaar dreht und den ansonsten statischen Dachaufsatz lebendig wirken l\u00e4sst.<\/p>\n<p>Das pr\u00e4gnante Kunstwerk mit dem Titel \u201eLOOK!\u201c k\u00f6nnte eine zeitgen\u00f6ssische Interpretation jener verspielten Architekturdekorationen sein, wie sie in M\u00fcnchen vielfach zu erleben sind, etwa am beliebten Rathaus am Marienplatz mit seinem detailreichen Skulpturenschmuck. \u00c4hnlich definiert das au\u00dfergew\u00f6hnliche Hinweisschild die Silhouette des Neubaus mit, ist zweifellos ein echter \u201eEyecatcher\u201c. \u201eLOOK!\u201c kommuniziert schon von weitem mit Allen, die daran vorbeigehen oder fahren, gibt Ortsunkundigen Orientierung. Vor allem aber schenkt das Werk allen, die das Kinderhaus regelm\u00e4\u00dfig besuchen und nutzen, ein Gef\u00fchl der positiven Verbundenheit mit \u201eihrem\u201c Haus.<\/p>\n","werk_txt_long_en":"","werk_collections":[{"ID":3760,"post_author":"5","post_date":"2022-11-07 10:42:32","post_date_gmt":"2022-11-07 09:42:32","post_content":"","post_title":"Kunstspaziergang in Pasing (\u00f6ffentlich zug\u00e4nglich)","post_excerpt":"","post_status":"publish","comment_status":"closed","ping_status":"closed","post_password":"","post_name":"kunstspaziergang-durch-pasing-oeffentlich-zugaenglich","to_ping":"","pinged":"","post_modified":"2025-04-04 09:59:38","post_modified_gmt":"2025-04-04 07:59:38","post_content_filtered":"","post_parent":0,"guid":"https:\/\/quivid.de\/?post_type=collection&#038;p=3760","menu_order":24,"post_type":"collection","post_mime_type":"","comment_count":"0","filter":"raw"}],"werk_sort_data_artists":"Justin Almquist","werk_sort_data_access":"\u00f6ffentlich zug\u00e4nglich","werk_sort_data_year":"2021","werk_sort_data_category":"Skulptur \/ Plastik","werk_sort_data_district":"Pasing-Obermenzing","werk_txt_context":""},"featured_image_src_1280":"https:\/\/quivid.de\/wp-content\/uploads\/quivvn.jpg","featured_image_src_768":"https:\/\/quivid.de\/wp-content\/uploads\/quivvn.jpg","artists":[{"name":"Justin Almquist","url":"https:\/\/quivid.de\/en\/artist\/justin-almquist\/"}],"tax_category":"Skulptur \/ Plastik","tax_access":"\u00f6ffentlich zug\u00e4nglich","tax_district":"Pasing-Obermenzing","tax_year":2021,"_links":{"self":[{"href":"https:\/\/quivid.de\/en\/wp-json\/wp\/v2\/posts\/3419","targetHints":{"allow":["GET"]}}],"collection":[{"href":"https:\/\/quivid.de\/en\/wp-json\/wp\/v2\/posts"}],"about":[{"href":"https:\/\/quivid.de\/en\/wp-json\/wp\/v2\/types\/post"}],"author":[{"embeddable":true,"href":"https:\/\/quivid.de\/en\/wp-json\/wp\/v2\/users\/5"}],"replies":[{"embeddable":true,"href":"https:\/\/quivid.de\/en\/wp-json\/wp\/v2\/comments?post=3419"}],"version-history":[{"count":5,"href":"https:\/\/quivid.de\/en\/wp-json\/wp\/v2\/posts\/3419\/revisions"}],"predecessor-version":[{"id":7293,"href":"https:\/\/quivid.de\/en\/wp-json\/wp\/v2\/posts\/3419\/revisions\/7293"}],"acf:attachment":[{"embeddable":true,"href":"https:\/\/quivid.de\/en\/wp-json\/wp\/v2\/media\/5462"}],"acf:post":[{"embeddable":true,"href":"https:\/\/quivid.de\/en\/wp-json\/wp\/v2\/artist\/3418"}],"wp:featuredmedia":[{"embeddable":true,"href":"https:\/\/quivid.de\/en\/wp-json\/wp\/v2\/media\/3420"}],"wp:attachment":[{"href":"https:\/\/quivid.de\/en\/wp-json\/wp\/v2\/media?parent=3419"}],"wp:term":[{"taxonomy":"category","embeddable":true,"href":"https:\/\/quivid.de\/en\/wp-json\/wp\/v2\/categories?post=3419"},{"taxonomy":"district","embeddable":true,"href":"https:\/\/quivid.de\/en\/wp-json\/wp\/v2\/district?post=3419"},{"taxonomy":"access","embeddable":true,"href":"https:\/\/quivid.de\/en\/wp-json\/wp\/v2\/access?post=3419"},{"taxonomy":"accessibility","embeddable":true,"href":"https:\/\/quivid.de\/en\/wp-json\/wp\/v2\/accessibility?post=3419"},{"taxonomy":"space","embeddable":true,"href":"https:\/\/quivid.de\/en\/wp-json\/wp\/v2\/space?post=3419"},{"taxonomy":"year","embeddable":true,"href":"https:\/\/quivid.de\/en\/wp-json\/wp\/v2\/year?post=3419"},{"taxonomy":"gender","embeddable":true,"href":"https:\/\/quivid.de\/en\/wp-json\/wp\/v2\/gender?post=3419"}],"curies":[{"name":"wp","href":"https:\/\/api.w.org\/{rel}","templated":true}]}}