{"id":1681,"date":"2022-06-28T17:24:14","date_gmt":"2022-06-28T15:24:14","guid":{"rendered":"https:\/\/quivid.de\/skulptur-fuer-die-grundschule-agilolfingerplatz\/"},"modified":"2023-11-08T14:21:58","modified_gmt":"2023-11-08T13:21:58","slug":"skulptur-agilolfingerplatz","status":"publish","type":"post","link":"https:\/\/quivid.de\/en\/skulptur-agilolfingerplatz\/1681\/","title":{"rendered":"Skulptur f\u00fcr die Grundschule Agilolfingerplatz"},"content":{"rendered":"","protected":false},"excerpt":{"rendered":"","protected":false},"author":1,"featured_media":1682,"comment_status":"open","ping_status":"open","sticky":false,"template":"","format":"standard","meta":{"_acf_changed":false,"inline_featured_image":false,"footnotes":""},"categories":[138],"district":[154],"access":[193],"accessibility":[131],"space":[132],"year":[202],"gender":[133],"class_list":["post-1681","post","type-post","status-publish","format-standard","has-post-thumbnail","hentry","category-skulptur-plastik","district-untergiesing-harlaching","access-oeffentlich-zugaenglich","accessibility-barrierefrei-zugaenglich","space-aussenraum","year-202","gender-m"],"link_en":"https:\/\/quivid.de\/en\/\/en\/skulptur-agilolfingerplatz\/1681","acf":{"werk_qv_id":"65","werk_artist":[{"werk_artist_name":"H\u00e4rtter","werk_artist_surname":"Bernhard","werk_artist_gender":"m"}],"werk_location_district":"Untergiesing-Harlaching","werk_location":{"address":"","lat":"","lng":"","zoom":14,"street_number":"","street_name":"","street_short_name":"","city":"","state":"","state_short":"","post_code":"","country":"","country_short":"","place_id":""},"werk_location_address":"Agilolfingerplatz 1, 81543 M\u00fcnchen","werk_location_longitude":"48.115597051879","werk_location_latitude":"11.5655852379156","werk_material":"Bronzeskulptur, ca. 13 x 6440 cm","werk_client":"LH M\u00fcnchen, Baureferat","werk_year":"2003","werk_parts":"mehrteilig","werk_institution":"Grundschule Agilolfingerplatz","werk_img":[{"ID":4506,"id":4506,"title":"quivid-muenchen-bernhard-haertter-skulptur-grundschule-agilolfingerplatz-kunst-am-bau-2003-01-1.jpg","filename":"quivid-muenchen-bernhard-haertter-skulptur-grundschule-agilolfingerplatz-kunst-am-bau-2003-01-1.jpg","filesize":635702,"url":"https:\/\/quivid.de\/wp-content\/uploads\/quivid-muenchen-bernhard-haertter-skulptur-grundschule-agilolfingerplatz-kunst-am-bau-2003-01-1.jpg","link":"https:\/\/quivid.de\/en\/quivid-muenchen-bernhard-haertter-skulptur-grundschule-agilolfingerplatz-kunst-am-bau-2003-01-1-jpg-2\/","alt":"","author":"1","description":"","caption":"","name":"quivid-muenchen-bernhard-haertter-skulptur-grundschule-agilolfingerplatz-kunst-am-bau-2003-01-1-jpg-2","status":"inherit","uploaded_to":0,"date":"2022-06-28 15:24:31","modified":"2022-06-28 15:24:31","menu_order":0,"mime_type":"image\/jpeg","type":"image","subtype":"jpeg","icon":"https:\/\/quivid.de\/wp-includes\/images\/media\/default.png","width":1181,"height":556,"sizes":{"thumbnail":"https:\/\/quivid.de\/wp-content\/uploads\/quivid-muenchen-bernhard-haertter-skulptur-grundschule-agilolfingerplatz-kunst-am-bau-2003-01-1-200x94.jpg","thumbnail-width":200,"thumbnail-height":94,"medium":"https:\/\/quivid.de\/wp-content\/uploads\/quivid-muenchen-bernhard-haertter-skulptur-grundschule-agilolfingerplatz-kunst-am-bau-2003-01-1.jpg","medium-width":1181,"medium-height":556,"medium_large":"https:\/\/quivid.de\/wp-content\/uploads\/quivid-muenchen-bernhard-haertter-skulptur-grundschule-agilolfingerplatz-kunst-am-bau-2003-01-1-768x362.jpg","medium_large-width":768,"medium_large-height":362,"large":"https:\/\/quivid.de\/wp-content\/uploads\/quivid-muenchen-bernhard-haertter-skulptur-grundschule-agilolfingerplatz-kunst-am-bau-2003-01-1.jpg","large-width":1181,"large-height":556,"1536x1536":"https:\/\/quivid.de\/wp-content\/uploads\/quivid-muenchen-bernhard-haertter-skulptur-grundschule-agilolfingerplatz-kunst-am-bau-2003-01-1.jpg","1536x1536-width":1181,"1536x1536-height":556,"2048x2048":"https:\/\/quivid.de\/wp-content\/uploads\/quivid-muenchen-bernhard-haertter-skulptur-grundschule-agilolfingerplatz-kunst-am-bau-2003-01-1.jpg","2048x2048-width":1181,"2048x2048-height":556,"alm-thumbnail":"https:\/\/quivid.de\/wp-content\/uploads\/quivid-muenchen-bernhard-haertter-skulptur-grundschule-agilolfingerplatz-kunst-am-bau-2003-01-1-150x150.jpg","alm-thumbnail-width":150,"alm-thumbnail-height":150,"_2560":"https:\/\/quivid.de\/wp-content\/uploads\/quivid-muenchen-bernhard-haertter-skulptur-grundschule-agilolfingerplatz-kunst-am-bau-2003-01-1.jpg","_2560-width":1181,"_2560-height":556,"_1920":"https:\/\/quivid.de\/wp-content\/uploads\/quivid-muenchen-bernhard-haertter-skulptur-grundschule-agilolfingerplatz-kunst-am-bau-2003-01-1.jpg","_1920-width":1181,"_1920-height":556,"_1280":"https:\/\/quivid.de\/wp-content\/uploads\/quivid-muenchen-bernhard-haertter-skulptur-grundschule-agilolfingerplatz-kunst-am-bau-2003-01-1.jpg","_1280-width":1181,"_1280-height":556,"_1024":"https:\/\/quivid.de\/wp-content\/uploads\/quivid-muenchen-bernhard-haertter-skulptur-grundschule-agilolfingerplatz-kunst-am-bau-2003-01-1.jpg","_1024-width":1024,"_1024-height":482,"_768":"https:\/\/quivid.de\/wp-content\/uploads\/quivid-muenchen-bernhard-haertter-skulptur-grundschule-agilolfingerplatz-kunst-am-bau-2003-01-1-768x362.jpg","_768-width":768,"_768-height":362}},{"ID":4507,"id":4507,"title":"quivid-muenchen-bernhard-haertter-skulptur-grundschule-agilolfingerplatz-kunst-am-bau-2003-02-1.jpg","filename":"quivid-muenchen-bernhard-haertter-skulptur-grundschule-agilolfingerplatz-kunst-am-bau-2003-02-1.jpg","filesize":596714,"url":"https:\/\/quivid.de\/wp-content\/uploads\/quivid-muenchen-bernhard-haertter-skulptur-grundschule-agilolfingerplatz-kunst-am-bau-2003-02-1.jpg","link":"https:\/\/quivid.de\/en\/quivid-muenchen-bernhard-haertter-skulptur-grundschule-agilolfingerplatz-kunst-am-bau-2003-02-1-jpg-2\/","alt":"","author":"1","description":"","caption":"","name":"quivid-muenchen-bernhard-haertter-skulptur-grundschule-agilolfingerplatz-kunst-am-bau-2003-02-1-jpg-2","status":"inherit","uploaded_to":0,"date":"2022-06-28 15:24:31","modified":"2022-06-28 15:24:31","menu_order":0,"mime_type":"image\/jpeg","type":"image","subtype":"jpeg","icon":"https:\/\/quivid.de\/wp-includes\/images\/media\/default.png","width":768,"height":583,"sizes":{"thumbnail":"https:\/\/quivid.de\/wp-content\/uploads\/quivid-muenchen-bernhard-haertter-skulptur-grundschule-agilolfingerplatz-kunst-am-bau-2003-02-1-200x152.jpg","thumbnail-width":200,"thumbnail-height":152,"medium":"https:\/\/quivid.de\/wp-content\/uploads\/quivid-muenchen-bernhard-haertter-skulptur-grundschule-agilolfingerplatz-kunst-am-bau-2003-02-1.jpg","medium-width":768,"medium-height":583,"medium_large":"https:\/\/quivid.de\/wp-content\/uploads\/quivid-muenchen-bernhard-haertter-skulptur-grundschule-agilolfingerplatz-kunst-am-bau-2003-02-1.jpg","medium_large-width":768,"medium_large-height":583,"large":"https:\/\/quivid.de\/wp-content\/uploads\/quivid-muenchen-bernhard-haertter-skulptur-grundschule-agilolfingerplatz-kunst-am-bau-2003-02-1.jpg","large-width":768,"large-height":583,"1536x1536":"https:\/\/quivid.de\/wp-content\/uploads\/quivid-muenchen-bernhard-haertter-skulptur-grundschule-agilolfingerplatz-kunst-am-bau-2003-02-1.jpg","1536x1536-width":768,"1536x1536-height":583,"2048x2048":"https:\/\/quivid.de\/wp-content\/uploads\/quivid-muenchen-bernhard-haertter-skulptur-grundschule-agilolfingerplatz-kunst-am-bau-2003-02-1.jpg","2048x2048-width":768,"2048x2048-height":583,"alm-thumbnail":"https:\/\/quivid.de\/wp-content\/uploads\/quivid-muenchen-bernhard-haertter-skulptur-grundschule-agilolfingerplatz-kunst-am-bau-2003-02-1-150x150.jpg","alm-thumbnail-width":150,"alm-thumbnail-height":150,"_2560":"https:\/\/quivid.de\/wp-content\/uploads\/quivid-muenchen-bernhard-haertter-skulptur-grundschule-agilolfingerplatz-kunst-am-bau-2003-02-1.jpg","_2560-width":768,"_2560-height":583,"_1920":"https:\/\/quivid.de\/wp-content\/uploads\/quivid-muenchen-bernhard-haertter-skulptur-grundschule-agilolfingerplatz-kunst-am-bau-2003-02-1.jpg","_1920-width":768,"_1920-height":583,"_1280":"https:\/\/quivid.de\/wp-content\/uploads\/quivid-muenchen-bernhard-haertter-skulptur-grundschule-agilolfingerplatz-kunst-am-bau-2003-02-1.jpg","_1280-width":768,"_1280-height":583,"_1024":"https:\/\/quivid.de\/wp-content\/uploads\/quivid-muenchen-bernhard-haertter-skulptur-grundschule-agilolfingerplatz-kunst-am-bau-2003-02-1.jpg","_1024-width":768,"_1024-height":583,"_768":"https:\/\/quivid.de\/wp-content\/uploads\/quivid-muenchen-bernhard-haertter-skulptur-grundschule-agilolfingerplatz-kunst-am-bau-2003-02-1.jpg","_768-width":768,"_768-height":583}}],"werk_map":true,"werk_txt_long":"<p>Ein imposantes Geb\u00e4ude ist die Grundschule am Agilolfingerplatz: Hoch aufragend und mit steilem Satteldach, Giebeln und s\u00e4ulenbest\u00fcckten Eing\u00e4ngen versehen, vermittelt sie ein Bild respekteinfl\u00f6\u00dfender Autorit\u00e4t. Umso mehr verbl\u00fcfft, was man auf der niedrigen Mauer vor dem Schulgeb\u00e4ude entdeckt: Denn dort, wo man passend zur m\u00e4chtigen Architektur der Schule hohe Eisengitter mit scharfen Spitzen erwarten w\u00fcrde, hat Bernhard H\u00e4rtter, der mit seinen \u00fcberraschenden Konzepten f\u00fcr ortsbezogene Arbeiten immer wieder f\u00fcr Aufmerksamkeit sorgt, nun eine fast 70 Meter lange, nur etwa 13 Zentimeter hohe Bronzeskulptur installiert, die sich als Mini-Gel\u00e4nder frech gegen die hehre Autorit\u00e4t des hohen Schulgeb\u00e4udes behauptet.<\/p>\n<p>Frech nicht nur deshalb, weil dieses so absichtsvoll niedrige Gel\u00e4nder seine Funktion als Begrenzung zwischen dem Schulgel\u00e4nde und dem Agilolfingerplatz gar nicht weiter ernst nimmt, frech auch deshalb, weil die geringe H\u00f6he des Gel\u00e4nders das architektonische Hochformat der Schule in ein flaches Querformat umm\u00fcnzt und damit der Aura des Autorit\u00e4ren, wie sie das Schulgeb\u00e4ude vermittelt, gewisserma\u00dfen ein Bein stellt. Doch nicht nur die Autorit\u00e4t des Schulgeb\u00e4udes muss in H\u00e4rtters Installation Federn lassen. Dasselbe Schicksal widerf\u00e4hrt hier dem Material Bronze, das traditionell mit Vorstellungen von Monumentalit\u00e4t und Ewigkeitsanspruch behaftet ist.<\/p>\n<p>Diesen Materialcharakter unterl\u00e4uft H\u00e4rtter, indem er seine Skulptur urspr\u00fcnglich aus Knetgummi formte, in das er allerlei Kinderspielzeug und Krimskrams wie etwa Schrauben oder Muscheln integrierte und anschlie\u00dfend in Bronze gie\u00dfen lie\u00df. Statt Monumentalit\u00e4t oder gar Ewigkeitsanspruch vermittelt die Skulptur damit das genaue Gegenteil, spricht also vom Weichen und Wandelbaren, vom Spielerischen und Verg\u00e4nglichen. Ob man der Skulptur damit eine Vorbildfunktion f\u00fcr manch starre Struktur in unserem Schulwesen einr\u00e4umen darf, bleibt freilich jedem Betrachter selbst \u00fcberlassen &#8230;<\/p>\n","werk_artists":[{"ID":1187,"post_author":"1","post_date":"2022-06-28 16:30:23","post_date_gmt":"2022-06-28 14:30:23","post_content":"1962 in Calw geboren. Lebt und arbeitet vor Ort.","post_title":"Bernhard H\u00e4rtter","post_excerpt":"","post_status":"publish","comment_status":"open","ping_status":"open","post_password":"","post_name":"haertter-bernhard","to_ping":"","pinged":"","post_modified":"2023-04-19 18:17:14","post_modified_gmt":"2023-04-19 16:17:14","post_content_filtered":"","post_parent":0,"guid":"https:\/\/quivid.de\/artist\/haertter-bernhard\/","menu_order":222,"post_type":"artist","post_mime_type":"","comment_count":"0","filter":"raw"}],"werk_technical_data":"","werk_technical_data_en":"","werk_visibility":false,"werk_architect":"","werk_architect_landscape":"","werk_photograph":"Bernhard H\u00e4rtter","werk_author":"Martina Fuchs","werk_txt_long_en":"","werk_collections":false,"werk_sort_data_artists":"Bernhard H\u00e4rtter","werk_sort_data_access":"\u00f6ffentlich zug\u00e4nglich","werk_sort_data_year":"2003","werk_sort_data_category":"Skulptur \/ Plastik","werk_sort_data_district":"Untergiesing-Harlaching","werk_txt_context":""},"featured_image_src_1280":"https:\/\/quivid.de\/wp-content\/uploads\/quivid-muenchen-bernhard-haertter-skulptur-grundschule-agilolfingerplatz-kunst-am-bau-2003-01.jpg","featured_image_src_768":"https:\/\/quivid.de\/wp-content\/uploads\/quivid-muenchen-bernhard-haertter-skulptur-grundschule-agilolfingerplatz-kunst-am-bau-2003-01-768x362.jpg","artists":[{"name":"Bernhard H\u00e4rtter","url":"https:\/\/quivid.de\/en\/artist\/haertter-bernhard\/"}],"tax_category":"Skulptur \/ Plastik","tax_access":"\u00f6ffentlich zug\u00e4nglich","tax_district":"Untergiesing-Harlaching","tax_year":2003,"_links":{"self":[{"href":"https:\/\/quivid.de\/en\/wp-json\/wp\/v2\/posts\/1681","targetHints":{"allow":["GET"]}}],"collection":[{"href":"https:\/\/quivid.de\/en\/wp-json\/wp\/v2\/posts"}],"about":[{"href":"https:\/\/quivid.de\/en\/wp-json\/wp\/v2\/types\/post"}],"author":[{"embeddable":true,"href":"https:\/\/quivid.de\/en\/wp-json\/wp\/v2\/users\/1"}],"replies":[{"embeddable":true,"href":"https:\/\/quivid.de\/en\/wp-json\/wp\/v2\/comments?post=1681"}],"version-history":[{"count":5,"href":"https:\/\/quivid.de\/en\/wp-json\/wp\/v2\/posts\/1681\/revisions"}],"predecessor-version":[{"id":6322,"href":"https:\/\/quivid.de\/en\/wp-json\/wp\/v2\/posts\/1681\/revisions\/6322"}],"acf:attachment":[{"embeddable":true,"href":"https:\/\/quivid.de\/en\/wp-json\/wp\/v2\/media\/4507"},{"embeddable":true,"href":"https:\/\/quivid.de\/en\/wp-json\/wp\/v2\/media\/4506"}],"acf:post":[{"embeddable":true,"href":"https:\/\/quivid.de\/en\/wp-json\/wp\/v2\/artist\/1187"}],"wp:featuredmedia":[{"embeddable":true,"href":"https:\/\/quivid.de\/en\/wp-json\/wp\/v2\/media\/1682"}],"wp:attachment":[{"href":"https:\/\/quivid.de\/en\/wp-json\/wp\/v2\/media?parent=1681"}],"wp:term":[{"taxonomy":"category","embeddable":true,"href":"https:\/\/quivid.de\/en\/wp-json\/wp\/v2\/categories?post=1681"},{"taxonomy":"district","embeddable":true,"href":"https:\/\/quivid.de\/en\/wp-json\/wp\/v2\/district?post=1681"},{"taxonomy":"access","embeddable":true,"href":"https:\/\/quivid.de\/en\/wp-json\/wp\/v2\/access?post=1681"},{"taxonomy":"accessibility","embeddable":true,"href":"https:\/\/quivid.de\/en\/wp-json\/wp\/v2\/accessibility?post=1681"},{"taxonomy":"space","embeddable":true,"href":"https:\/\/quivid.de\/en\/wp-json\/wp\/v2\/space?post=1681"},{"taxonomy":"year","embeddable":true,"href":"https:\/\/quivid.de\/en\/wp-json\/wp\/v2\/year?post=1681"},{"taxonomy":"gender","embeddable":true,"href":"https:\/\/quivid.de\/en\/wp-json\/wp\/v2\/gender?post=1681"}],"curies":[{"name":"wp","href":"https:\/\/api.w.org\/{rel}","templated":true}]}}